{"id":349038,"date":"2025-05-13T09:00:00","date_gmt":"2025-05-13T07:00:00","guid":{"rendered":"https:\/\/www.fincasolivares.com\/?p=349038"},"modified":"2025-06-02T14:05:26","modified_gmt":"2025-06-02T12:05:26","slug":"como-afecta-el-irav-a-la-rentabilidad-de-tu-alquiler","status":"publish","type":"post","link":"https:\/\/www.fincasolivares.com\/en\/como-afecta-el-irav-a-la-rentabilidad-de-tu-alquiler\/","title":{"rendered":"\u00bfC\u00f3mo afecta el IRAV a la rentabilidad de tu alquiler?"},"content":{"rendered":"\n<p>Si est\u00e1s alquilando una vivienda o est\u00e1s pensando en hacerlo, probablemente te preocupe su rentabilidad. Ahora, con el <strong>\u00cdndice de Referencia de Arrendamientos de Vivienda (IRAV)<\/strong>, se busca <strong>mejorar la transparencia<\/strong> de los contratos de alquiler y evitar usar el IPC despu\u00e9s de una <strong>etapa de inestabilidad y grandes crecidas<\/strong>. Te explicamos qu\u00e9 es el IRAV, <strong>c\u00f3mo afecta a la rentabilidad<\/strong> de tu alquiler y <strong>qu\u00e9 aspectos debes tener en cuenta si eres propietario <\/strong>de una vivienda que quieres alquilar.<\/p>\n\n\n\n<h2 class=\"wp-block-heading\">\u00bfQu\u00e9 es el IRAV?<\/h2>\n\n\n\n<p>El IRAV es un indicador <strong>creado por el Ministerio de Vivienda<\/strong> para ofrecer una <strong>referencia oficial sobre los precios de alquiler<\/strong> tras un periodo de inestabilidad inflacionaria en el pa\u00eds, que hizo que los precios subieran mucho. Este \u00edndice <strong>se hace obligatorio<\/strong> para todos aquellos contratos que fueran <strong>firmados despu\u00e9s del 26 de mayo de 2023<\/strong>, momento que entro en vigor la Ley de Vivienda.<\/p>\n\n\n\n<p>Aunque quiere <strong>desbancarse de los vaivenes del IPC<\/strong>, este \u00edndice lo sigue utilizando para conseguir el resultado final. El IRAV acaba siendo el <strong>valor m\u00ednimo entre la tasa de variaci\u00f3n anual del IPC<\/strong>, la <strong>tasa de variaci\u00f3n anual del IPC subyacente<\/strong> y las <strong>tasas de variaci\u00f3n anual media ajustada del IPC y el IPC subyacente<\/strong>.<\/p>\n\n\n\n<h2 class=\"wp-block-heading\">\u00bfC\u00f3mo calculo la rentabilidad del alquiler con el IRAV de referencia?<\/h2>\n\n\n\n<p>El IRAV es un \u00edndice que <strong>se actualiza mensualmente<\/strong>. La primera aparici\u00f3n la tuvo en <strong>noviembre de 2024<\/strong>. Si, por ejemplo, tom\u00e1ramos el ejemplo de IRAV de marzo de 2025, que fue del <strong>1,98%<\/strong>,<strong> no podr\u00edamos subir la mensualidad del alquiler m\u00e1s de ese porcentaje<\/strong>. Esto antes se hac\u00eda con el IPC.<\/p>\n\n\n\n<p>Existen 4 pasos para calcular el aumento m\u00e1ximo del precio del alquiler, son los siguientes:<\/p>\n\n\n\n<ol class=\"wp-block-list\">\n<li><strong>Recoge la cifra de las mensualidades<\/strong> de tu alquiler actual. Si hablamos de nuevo contrato, puedes usar el de un contrato anterior.<\/li>\n\n\n\n<li><strong>Convierte en decimal<\/strong> el porcentaje del IRAV: m\u00e1ximo 0,0198 (1,98%)<\/li>\n\n\n\n<li><strong>Multiplica por el precio del alquiler<\/strong> que has usado de referencia.<\/li>\n\n\n\n<li><strong>Suma el resultado al precio<\/strong> de alquiler de referencia.<\/li>\n<\/ol>\n\n\n\n<p>El <strong>Ministerio de Vivienda y Agenda Urbana<\/strong> ofrece una <strong><a href=\"https:\/\/www.mivau.gob.es\/vivienda\/calculadora-precio-alquiler\">calculadora online<\/a><\/strong> para poder darte a conocer el <strong>precio m\u00e1ximo de actualizaci\u00f3n <\/strong>del alquiler, haci\u00e9ndote el c\u00e1lculo por ti para que no cunda el p\u00e1nico si a ti no te salen.<\/p>\n\n\n\n<h2 class=\"wp-block-heading\">\u00bfC\u00f3mo afecta el IRAV al arrendador?<\/h2>\n\n\n\n<p>El IRAV nos introduce <strong>un sistema m\u00e1s equitativo y transparente<\/strong> para actualizar alquileres. El propietario obtiene una <strong>herramienta clara y objetiva<\/strong> para ajustar los precios de manera oficial, minimizando posibles conflictos, ya que el c\u00e1lculo se realiza a partir de <strong>un indicador regulado por ley<\/strong>. No obstante, es importante tener en cuenta que puede impactar sobre la rentabilidad de la propiedad en algunas zonas.<\/p>\n\n\n\n<p>Es esencial destacar que, para todos aquellos <strong>contratos anteriores al 25 de mayo de 2023<\/strong>, fecha en la que comenz\u00f3 a aplicarse la Ley de Vivienda, los ajustes <strong>seguir\u00e1n estando sujetos al IPC o al \u00cdndice de Garant\u00eda de Competitividad<\/strong>. En cambio, los contratos firmados <strong>a partir del 26 de mayo de 2023<\/strong> estar\u00e1n sujetos <strong>\u00fanicamente al IRAV<\/strong>.<\/p>\n\n\n\n<p>Con un <strong>IPC del 2,2%<\/strong> y un <strong>IRAV del 1,98%<\/strong>, los propietarios se encuentran con una limitaci\u00f3n en el aumento de sus rentas, lo que <strong>reduce el impacto de las subidas de precios<\/strong> sobre sus ingresos. Para facilitar este proceso, hoy en d\u00eda existen <strong>herramientas como las calculadoras de rentabilidad<\/strong>, que permiten a los propietarios obtener un c\u00e1lculo de rentabilidad de forma sencilla y r\u00e1pida, mejorando la toma de decisiones en la gesti\u00f3n de sus arrendamientos.<\/p>\n\n\n\n<h2 class=\"wp-block-heading\">\u00bfQu\u00e9 consecuencias tiene el inquilino?<\/h2>\n\n\n\n<p>El poder conocer el aumento posible de tu alquiler<strong> te brinda un mayor control sobre los gastos mensuales<\/strong> en la vivienda, aumentando la transparencia y la previsibilidad. Sin embargo, el objetivo del nuevo \u00edndice va m\u00e1s all\u00e1 de esto. Se busca <strong>proteger al inquilino de futuras subidas desmedidas<\/strong> de los precios, evitando que su poder adquisitivo se vea comprometido.<\/p>\n\n\n\n<p>Con un IRAV del <strong>1,98% en marzo de 2025<\/strong>, ese ser\u00e1 el porcentaje de incremento m\u00e1ximo que podr\u00eda aplicarse a tu renta en mayo de 2025. Con esto, se puede tener <strong>m\u00e1s claro c\u00f3mo tener alquilada<\/strong> la vivienda.<\/p>\n","protected":false},"excerpt":{"rendered":"<p>Si est\u00e1s alquilando una vivienda o est\u00e1s pensando en hacerlo, probablemente te preocupe su rentabilidad. Ahora, con el \u00cdndice de Referencia de Arrendamientos de Vivienda (IRAV), se busca mejorar la transparencia de los contratos de alquiler y evitar usar el IPC despu\u00e9s de una etapa de inestabilidad y grandes crecidas. Te explicamos qu\u00e9 es el [&hellip;]<\/p>\n","protected":false},"author":11,"featured_media":349039,"comment_status":"closed","ping_status":"closed","sticky":false,"template":"","format":"standard","meta":{"_et_pb_use_builder":"off","_et_pb_old_content":"","_et_gb_content_width":"","_joinchat":[],"footnotes":""},"categories":[23],"tags":[],"class_list":["post-349038","post","type-post","status-publish","format-standard","has-post-thumbnail","hentry","category-blog"],"yoast_head":"<!-- This site is optimized with the Yoast SEO plugin v27.5 - https:\/\/yoast.com\/product\/yoast-seo-wordpress\/ -->\n<title>\u25b7 \u00bfC\u00f3mo afecta el IRAV a la rentabilidad de tu alquiler? - Fincas Olivares<\/title>\n<meta name=\"description\" content=\"Entra y aprende a calcular la rentabilidad de tu alquiler con el IRAV y no dejes que tus alquileres queden atr\u00e1s en el tiempo.\" \/>\n<meta name=\"robots\" content=\"index, follow, max-snippet:-1, max-image-preview:large, max-video-preview:-1\" \/>\n<link rel=\"canonical\" href=\"https:\/\/www.fincasolivares.com\/en\/como-afecta-el-irav-a-la-rentabilidad-de-tu-alquiler\/\" \/>\n<meta property=\"og:locale\" content=\"en_US\" \/>\n<meta property=\"og:type\" content=\"article\" \/>\n<meta property=\"og:title\" content=\"\u25b7 \u00bfC\u00f3mo afecta el IRAV a la rentabilidad de tu alquiler? - Fincas Olivares\" \/>\n<meta property=\"og:description\" content=\"Entra y aprende a calcular la rentabilidad de tu alquiler con el IRAV y no dejes que tus alquileres queden atr\u00e1s en el tiempo.\" \/>\n<meta property=\"og:url\" content=\"https:\/\/www.fincasolivares.com\/en\/como-afecta-el-irav-a-la-rentabilidad-de-tu-alquiler\/\" \/>\n<meta property=\"og:site_name\" content=\"Fincas Olivares\" \/>\n<meta property=\"article:publisher\" content=\"https:\/\/www.facebook.com\/FincasOlivares\" \/>\n<meta property=\"article:published_time\" content=\"2025-05-13T07:00:00+00:00\" \/>\n<meta property=\"article:modified_time\" content=\"2025-06-02T12:05:26+00:00\" \/>\n<meta property=\"og:image\" content=\"https:\/\/www.fincasolivares.com\/wp-content\/uploads\/2025\/05\/IRAV-scaled.jpg\" \/>\n\t<meta property=\"og:image:width\" content=\"2560\" \/>\n\t<meta property=\"og:image:height\" content=\"1708\" \/>\n\t<meta property=\"og:image:type\" content=\"image\/jpeg\" \/>\n<meta name=\"author\" content=\"InfoAdmin\" \/>\n<meta name=\"twitter:card\" content=\"summary_large_image\" \/>\n<meta name=\"twitter:label1\" content=\"Written by\" \/>\n\t<meta name=\"twitter:data1\" content=\"InfoAdmin\" \/>\n\t<meta name=\"twitter:label2\" content=\"Est. reading time\" \/>\n\t<meta name=\"twitter:data2\" content=\"4 minutes\" \/>\n<script type=\"application\/ld+json\" class=\"yoast-schema-graph\">{\"@context\":\"https:\\\/\\\/schema.org\",\"@graph\":[{\"@type\":\"Article\",\"@id\":\"https:\\\/\\\/www.fincasolivares.com\\\/en\\\/como-afecta-el-irav-a-la-rentabilidad-de-tu-alquiler\\\/#article\",\"isPartOf\":{\"@id\":\"https:\\\/\\\/www.fincasolivares.com\\\/en\\\/como-afecta-el-irav-a-la-rentabilidad-de-tu-alquiler\\\/\"},\"author\":{\"name\":\"InfoAdmin\",\"@id\":\"https:\\\/\\\/www.fincasolivares.com\\\/en\\\/#\\\/schema\\\/person\\\/70a4cfa418d9719b0f26f16048697bc8\"},\"headline\":\"\u00bfC\u00f3mo afecta el IRAV a la rentabilidad de tu alquiler?\",\"datePublished\":\"2025-05-13T07:00:00+00:00\",\"dateModified\":\"2025-06-02T12:05:26+00:00\",\"mainEntityOfPage\":{\"@id\":\"https:\\\/\\\/www.fincasolivares.com\\\/en\\\/como-afecta-el-irav-a-la-rentabilidad-de-tu-alquiler\\\/\"},\"wordCount\":713,\"publisher\":{\"@id\":\"https:\\\/\\\/www.fincasolivares.com\\\/en\\\/#organization\"},\"image\":{\"@id\":\"https:\\\/\\\/www.fincasolivares.com\\\/en\\\/como-afecta-el-irav-a-la-rentabilidad-de-tu-alquiler\\\/#primaryimage\"},\"thumbnailUrl\":\"https:\\\/\\\/www.fincasolivares.com\\\/wp-content\\\/uploads\\\/2025\\\/05\\\/IRAV-scaled.jpg\",\"articleSection\":[\"Blog\"],\"inLanguage\":\"en-US\"},{\"@type\":\"WebPage\",\"@id\":\"https:\\\/\\\/www.fincasolivares.com\\\/en\\\/como-afecta-el-irav-a-la-rentabilidad-de-tu-alquiler\\\/\",\"url\":\"https:\\\/\\\/www.fincasolivares.com\\\/en\\\/como-afecta-el-irav-a-la-rentabilidad-de-tu-alquiler\\\/\",\"name\":\"\u25b7 \u00bfC\u00f3mo afecta el IRAV a la rentabilidad de tu alquiler? - Fincas Olivares\",\"isPartOf\":{\"@id\":\"https:\\\/\\\/www.fincasolivares.com\\\/en\\\/#website\"},\"primaryImageOfPage\":{\"@id\":\"https:\\\/\\\/www.fincasolivares.com\\\/en\\\/como-afecta-el-irav-a-la-rentabilidad-de-tu-alquiler\\\/#primaryimage\"},\"image\":{\"@id\":\"https:\\\/\\\/www.fincasolivares.com\\\/en\\\/como-afecta-el-irav-a-la-rentabilidad-de-tu-alquiler\\\/#primaryimage\"},\"thumbnailUrl\":\"https:\\\/\\\/www.fincasolivares.com\\\/wp-content\\\/uploads\\\/2025\\\/05\\\/IRAV-scaled.jpg\",\"datePublished\":\"2025-05-13T07:00:00+00:00\",\"dateModified\":\"2025-06-02T12:05:26+00:00\",\"description\":\"Entra y aprende a calcular la rentabilidad de tu alquiler con el IRAV y no dejes que tus alquileres queden atr\u00e1s en el tiempo.\",\"breadcrumb\":{\"@id\":\"https:\\\/\\\/www.fincasolivares.com\\\/en\\\/como-afecta-el-irav-a-la-rentabilidad-de-tu-alquiler\\\/#breadcrumb\"},\"inLanguage\":\"en-US\",\"potentialAction\":[{\"@type\":\"ReadAction\",\"target\":[\"https:\\\/\\\/www.fincasolivares.com\\\/en\\\/como-afecta-el-irav-a-la-rentabilidad-de-tu-alquiler\\\/\"]}]},{\"@type\":\"ImageObject\",\"inLanguage\":\"en-US\",\"@id\":\"https:\\\/\\\/www.fincasolivares.com\\\/en\\\/como-afecta-el-irav-a-la-rentabilidad-de-tu-alquiler\\\/#primaryimage\",\"url\":\"https:\\\/\\\/www.fincasolivares.com\\\/wp-content\\\/uploads\\\/2025\\\/05\\\/IRAV-scaled.jpg\",\"contentUrl\":\"https:\\\/\\\/www.fincasolivares.com\\\/wp-content\\\/uploads\\\/2025\\\/05\\\/IRAV-scaled.jpg\",\"width\":2560,\"height\":1708},{\"@type\":\"BreadcrumbList\",\"@id\":\"https:\\\/\\\/www.fincasolivares.com\\\/en\\\/como-afecta-el-irav-a-la-rentabilidad-de-tu-alquiler\\\/#breadcrumb\",\"itemListElement\":[{\"@type\":\"ListItem\",\"position\":1,\"name\":\"Portada\",\"item\":\"https:\\\/\\\/www.fincasolivares.com\\\/en\\\/\"},{\"@type\":\"ListItem\",\"position\":2,\"name\":\"\u00bfC\u00f3mo afecta el IRAV a la rentabilidad de tu alquiler?\"}]},{\"@type\":\"WebSite\",\"@id\":\"https:\\\/\\\/www.fincasolivares.com\\\/en\\\/#website\",\"url\":\"https:\\\/\\\/www.fincasolivares.com\\\/en\\\/\",\"name\":\"Fincas Olivares\",\"description\":\"Administrador de Fincas en Barcelona\",\"publisher\":{\"@id\":\"https:\\\/\\\/www.fincasolivares.com\\\/en\\\/#organization\"},\"potentialAction\":[{\"@type\":\"SearchAction\",\"target\":{\"@type\":\"EntryPoint\",\"urlTemplate\":\"https:\\\/\\\/www.fincasolivares.com\\\/en\\\/?s={search_term_string}\"},\"query-input\":{\"@type\":\"PropertyValueSpecification\",\"valueRequired\":true,\"valueName\":\"search_term_string\"}}],\"inLanguage\":\"en-US\"},{\"@type\":\"Organization\",\"@id\":\"https:\\\/\\\/www.fincasolivares.com\\\/en\\\/#organization\",\"name\":\"Fincas Olivares\",\"url\":\"https:\\\/\\\/www.fincasolivares.com\\\/en\\\/\",\"logo\":{\"@type\":\"ImageObject\",\"inLanguage\":\"en-US\",\"@id\":\"https:\\\/\\\/www.fincasolivares.com\\\/en\\\/#\\\/schema\\\/logo\\\/image\\\/\",\"url\":\"https:\\\/\\\/www.fincasolivares.com\\\/wp-content\\\/uploads\\\/2021\\\/07\\\/Logo-Olivares-1.png\",\"contentUrl\":\"https:\\\/\\\/www.fincasolivares.com\\\/wp-content\\\/uploads\\\/2021\\\/07\\\/Logo-Olivares-1.png\",\"width\":288,\"height\":288,\"caption\":\"Fincas Olivares\"},\"image\":{\"@id\":\"https:\\\/\\\/www.fincasolivares.com\\\/en\\\/#\\\/schema\\\/logo\\\/image\\\/\"},\"sameAs\":[\"https:\\\/\\\/www.facebook.com\\\/FincasOlivares\"]},{\"@type\":\"Person\",\"@id\":\"https:\\\/\\\/www.fincasolivares.com\\\/en\\\/#\\\/schema\\\/person\\\/70a4cfa418d9719b0f26f16048697bc8\",\"name\":\"InfoAdmin\",\"url\":\"https:\\\/\\\/www.fincasolivares.com\\\/en\\\/author\\\/infoadmin\\\/\"}]}<\/script>\n<!-- \/ Yoast SEO plugin. -->","yoast_head_json":{"title":"\u25b7 \u00bfC\u00f3mo afecta el IRAV a la rentabilidad de tu alquiler? - Fincas Olivares","description":"Entra y aprende a calcular la rentabilidad de tu alquiler con el IRAV y no dejes que tus alquileres queden atr\u00e1s en el tiempo.","robots":{"index":"index","follow":"follow","max-snippet":"max-snippet:-1","max-image-preview":"max-image-preview:large","max-video-preview":"max-video-preview:-1"},"canonical":"https:\/\/www.fincasolivares.com\/en\/como-afecta-el-irav-a-la-rentabilidad-de-tu-alquiler\/","og_locale":"en_US","og_type":"article","og_title":"\u25b7 \u00bfC\u00f3mo afecta el IRAV a la rentabilidad de tu alquiler? - Fincas Olivares","og_description":"Entra y aprende a calcular la rentabilidad de tu alquiler con el IRAV y no dejes que tus alquileres queden atr\u00e1s en el tiempo.","og_url":"https:\/\/www.fincasolivares.com\/en\/como-afecta-el-irav-a-la-rentabilidad-de-tu-alquiler\/","og_site_name":"Fincas Olivares","article_publisher":"https:\/\/www.facebook.com\/FincasOlivares","article_published_time":"2025-05-13T07:00:00+00:00","article_modified_time":"2025-06-02T12:05:26+00:00","og_image":[{"width":2560,"height":1708,"url":"https:\/\/www.fincasolivares.com\/wp-content\/uploads\/2025\/05\/IRAV-scaled.jpg","type":"image\/jpeg"}],"author":"InfoAdmin","twitter_card":"summary_large_image","twitter_misc":{"Written by":"InfoAdmin","Est. reading time":"4 minutes"},"schema":{"@context":"https:\/\/schema.org","@graph":[{"@type":"Article","@id":"https:\/\/www.fincasolivares.com\/en\/como-afecta-el-irav-a-la-rentabilidad-de-tu-alquiler\/#article","isPartOf":{"@id":"https:\/\/www.fincasolivares.com\/en\/como-afecta-el-irav-a-la-rentabilidad-de-tu-alquiler\/"},"author":{"name":"InfoAdmin","@id":"https:\/\/www.fincasolivares.com\/en\/#\/schema\/person\/70a4cfa418d9719b0f26f16048697bc8"},"headline":"\u00bfC\u00f3mo afecta el IRAV a la rentabilidad de tu alquiler?","datePublished":"2025-05-13T07:00:00+00:00","dateModified":"2025-06-02T12:05:26+00:00","mainEntityOfPage":{"@id":"https:\/\/www.fincasolivares.com\/en\/como-afecta-el-irav-a-la-rentabilidad-de-tu-alquiler\/"},"wordCount":713,"publisher":{"@id":"https:\/\/www.fincasolivares.com\/en\/#organization"},"image":{"@id":"https:\/\/www.fincasolivares.com\/en\/como-afecta-el-irav-a-la-rentabilidad-de-tu-alquiler\/#primaryimage"},"thumbnailUrl":"https:\/\/www.fincasolivares.com\/wp-content\/uploads\/2025\/05\/IRAV-scaled.jpg","articleSection":["Blog"],"inLanguage":"en-US"},{"@type":"WebPage","@id":"https:\/\/www.fincasolivares.com\/en\/como-afecta-el-irav-a-la-rentabilidad-de-tu-alquiler\/","url":"https:\/\/www.fincasolivares.com\/en\/como-afecta-el-irav-a-la-rentabilidad-de-tu-alquiler\/","name":"\u25b7 \u00bfC\u00f3mo afecta el IRAV a la rentabilidad de tu alquiler? - Fincas Olivares","isPartOf":{"@id":"https:\/\/www.fincasolivares.com\/en\/#website"},"primaryImageOfPage":{"@id":"https:\/\/www.fincasolivares.com\/en\/como-afecta-el-irav-a-la-rentabilidad-de-tu-alquiler\/#primaryimage"},"image":{"@id":"https:\/\/www.fincasolivares.com\/en\/como-afecta-el-irav-a-la-rentabilidad-de-tu-alquiler\/#primaryimage"},"thumbnailUrl":"https:\/\/www.fincasolivares.com\/wp-content\/uploads\/2025\/05\/IRAV-scaled.jpg","datePublished":"2025-05-13T07:00:00+00:00","dateModified":"2025-06-02T12:05:26+00:00","description":"Entra y aprende a calcular la rentabilidad de tu alquiler con el IRAV y no dejes que tus alquileres queden atr\u00e1s en el tiempo.","breadcrumb":{"@id":"https:\/\/www.fincasolivares.com\/en\/como-afecta-el-irav-a-la-rentabilidad-de-tu-alquiler\/#breadcrumb"},"inLanguage":"en-US","potentialAction":[{"@type":"ReadAction","target":["https:\/\/www.fincasolivares.com\/en\/como-afecta-el-irav-a-la-rentabilidad-de-tu-alquiler\/"]}]},{"@type":"ImageObject","inLanguage":"en-US","@id":"https:\/\/www.fincasolivares.com\/en\/como-afecta-el-irav-a-la-rentabilidad-de-tu-alquiler\/#primaryimage","url":"https:\/\/www.fincasolivares.com\/wp-content\/uploads\/2025\/05\/IRAV-scaled.jpg","contentUrl":"https:\/\/www.fincasolivares.com\/wp-content\/uploads\/2025\/05\/IRAV-scaled.jpg","width":2560,"height":1708},{"@type":"BreadcrumbList","@id":"https:\/\/www.fincasolivares.com\/en\/como-afecta-el-irav-a-la-rentabilidad-de-tu-alquiler\/#breadcrumb","itemListElement":[{"@type":"ListItem","position":1,"name":"Portada","item":"https:\/\/www.fincasolivares.com\/en\/"},{"@type":"ListItem","position":2,"name":"\u00bfC\u00f3mo afecta el IRAV a la rentabilidad de tu alquiler?"}]},{"@type":"WebSite","@id":"https:\/\/www.fincasolivares.com\/en\/#website","url":"https:\/\/www.fincasolivares.com\/en\/","name":"Fincas Olivares","description":"Administrador de Fincas en Barcelona","publisher":{"@id":"https:\/\/www.fincasolivares.com\/en\/#organization"},"potentialAction":[{"@type":"SearchAction","target":{"@type":"EntryPoint","urlTemplate":"https:\/\/www.fincasolivares.com\/en\/?s={search_term_string}"},"query-input":{"@type":"PropertyValueSpecification","valueRequired":true,"valueName":"search_term_string"}}],"inLanguage":"en-US"},{"@type":"Organization","@id":"https:\/\/www.fincasolivares.com\/en\/#organization","name":"Fincas Olivares","url":"https:\/\/www.fincasolivares.com\/en\/","logo":{"@type":"ImageObject","inLanguage":"en-US","@id":"https:\/\/www.fincasolivares.com\/en\/#\/schema\/logo\/image\/","url":"https:\/\/www.fincasolivares.com\/wp-content\/uploads\/2021\/07\/Logo-Olivares-1.png","contentUrl":"https:\/\/www.fincasolivares.com\/wp-content\/uploads\/2021\/07\/Logo-Olivares-1.png","width":288,"height":288,"caption":"Fincas Olivares"},"image":{"@id":"https:\/\/www.fincasolivares.com\/en\/#\/schema\/logo\/image\/"},"sameAs":["https:\/\/www.facebook.com\/FincasOlivares"]},{"@type":"Person","@id":"https:\/\/www.fincasolivares.com\/en\/#\/schema\/person\/70a4cfa418d9719b0f26f16048697bc8","name":"InfoAdmin","url":"https:\/\/www.fincasolivares.com\/en\/author\/infoadmin\/"}]}},"_links":{"self":[{"href":"https:\/\/www.fincasolivares.com\/en\/wp-json\/wp\/v2\/posts\/349038","targetHints":{"allow":["GET"]}}],"collection":[{"href":"https:\/\/www.fincasolivares.com\/en\/wp-json\/wp\/v2\/posts"}],"about":[{"href":"https:\/\/www.fincasolivares.com\/en\/wp-json\/wp\/v2\/types\/post"}],"author":[{"embeddable":true,"href":"https:\/\/www.fincasolivares.com\/en\/wp-json\/wp\/v2\/users\/11"}],"replies":[{"embeddable":true,"href":"https:\/\/www.fincasolivares.com\/en\/wp-json\/wp\/v2\/comments?post=349038"}],"version-history":[{"count":2,"href":"https:\/\/www.fincasolivares.com\/en\/wp-json\/wp\/v2\/posts\/349038\/revisions"}],"predecessor-version":[{"id":349043,"href":"https:\/\/www.fincasolivares.com\/en\/wp-json\/wp\/v2\/posts\/349038\/revisions\/349043"}],"wp:featuredmedia":[{"embeddable":true,"href":"https:\/\/www.fincasolivares.com\/en\/wp-json\/wp\/v2\/media\/349039"}],"wp:attachment":[{"href":"https:\/\/www.fincasolivares.com\/en\/wp-json\/wp\/v2\/media?parent=349038"}],"wp:term":[{"taxonomy":"category","embeddable":true,"href":"https:\/\/www.fincasolivares.com\/en\/wp-json\/wp\/v2\/categories?post=349038"},{"taxonomy":"post_tag","embeddable":true,"href":"https:\/\/www.fincasolivares.com\/en\/wp-json\/wp\/v2\/tags?post=349038"}],"curies":[{"name":"wp","href":"https:\/\/api.w.org\/{rel}","templated":true}]}}