{"id":349004,"date":"2025-04-16T09:31:15","date_gmt":"2025-04-16T07:31:15","guid":{"rendered":"https:\/\/www.fincasolivares.com\/?p=349004"},"modified":"2025-04-16T15:06:55","modified_gmt":"2025-04-16T13:06:55","slug":"nueva-sesion-de-lescola-de-presidents-como-afecta-la-ley-de-prl-y-cae-a-tu-comunidad-de-propietarios","status":"publish","type":"post","link":"https:\/\/www.fincasolivares.com\/en\/nueva-sesion-de-lescola-de-presidents-como-afecta-la-ley-de-prl-y-cae-a-tu-comunidad-de-propietarios\/","title":{"rendered":"Nueva sesi\u00f3n de &#8216;l&#8217;Escola de Presidents&#8217;: \u00bfc\u00f3mo afecta la Ley de PRL y CAE a tu comunidad de propietarios?"},"content":{"rendered":"\n<p>La <strong>Ley de Prevenci\u00f3n de Riesgos Laborales (PRL)<\/strong> y la <strong>Ley de Coordinaci\u00f3n de Actividades Empresariales (CAE)<\/strong> tambi\u00e9n afectan a tu comunidad de propietarios. Y los tribunales ya est\u00e1n dictando sentencias que lo confirman.<\/p>\n\n\n\n<p>Si en tu edificio trabaja una persona externa \u2014una limpiadora, un jardinero, un t\u00e9cnico\u2014, la comunidad <strong>tiene obligaciones legales<\/strong> que no puede ignorar.<\/p>\n\n\n\n<h2 class=\"wp-block-heading\">Importancia de la Ley de PRL y CAE en las comunidades de propietarios<\/h2>\n\n\n\n<p>S\u00ed, una comunidad puede ser denunciada. S\u00ed, puede ser condenada. Y s\u00ed, <strong>el presidente y el administrador tambi\u00e9n tienen responsabilidades<\/strong>.<\/p>\n\n\n\n<p>Por eso, si quieres evitarte problemas legales (y econ\u00f3micos), no puedes faltar a la pr\u00f3xima sesi\u00f3n de l&#8217;<strong>Escola de Presidents<\/strong>.<\/p>\n\n\n\n<p>Trataremos las dudas m\u00e1s comunes entre vecinos:<\/p>\n\n\n\n<ul class=\"wp-block-list\">\n<li>\u00bfY si alguien se lesiona en las zonas comunes?<\/li>\n\n\n\n<li>\u00bfPuede la comunidad ser juzgada como responsable?<\/li>\n\n\n\n<li>\u00bfQu\u00e9 obligaciones tienen el presidente y el administrador en seguridad laboral?<\/li>\n\n\n\n<li>\u00bfQu\u00e9 es exactamente la Coordinaci\u00f3n de Actividades Empresariales (CAE)?<\/li>\n\n\n\n<li>\u00bfQu\u00e9 documentos debe tener la comunidad al d\u00eda?<\/li>\n<\/ul>\n\n\n\n<h2 class=\"wp-block-heading\">Prevenir no es caro, pero ignorar la ley, s\u00ed<\/h2>\n\n\n\n<p>Cumplir con la PRL y la CAE no solo es obligatorio, sino que:<\/p>\n\n\n\n<ul class=\"wp-block-list\">\n<li>Protege a los trabajadores.<\/li>\n\n\n\n<li>Da tranquilidad a la comunidad.<\/li>\n\n\n\n<li>Y cuesta MUCHO menos que una sanci\u00f3n o juicio.<\/li>\n<\/ul>\n\n\n\n<p>A ojos de la ley, la comunidad <strong>funciona como una empresa cuando contrata servicios<\/strong>. Y como tal, <strong>tiene que garantizar la seguridad de quienes trabajan en ella<\/strong>.<\/p>\n\n\n\n<h2 class=\"wp-block-heading\">\u00bfCu\u00e1ndo y d\u00f3nde son las sesiones informativas de l&#8217;Escola de Presidents sobre la Ley de PRL y CAE?<\/h2>\n\n\n\n<p>La <strong>Escola de Presidents del CSIM<\/strong> organiza un encuentro presencial en la oficina del <strong>Grup Housfy<\/strong>, para resolver dudas reales de propietarios reales, ser\u00e1 en la Home Store de Fincas Olivares en C\/ de Bail\u00e8n, 121, L&#8217;Eixample, el jueves 8 de mayo a las 18:00 h.<\/p>\n\n\n\n<p>Si est\u00e1s interesado y quieres acudir, env\u00edanos antes un correo a <a href=\"mailto:info@fincasolivares.com\" target=\"_blank\" rel=\"noreferrer noopener\">info@fincasolivares.com<\/a>, as\u00ed te podremos apuntar y no te quedar\u00e1s sin plaza!<\/p>\n\n\n\n<h3 class=\"wp-block-heading\">\u00bfPor qu\u00e9 deber\u00edas venir?<\/h3>\n\n\n\n<p>Porque saber esto <strong>puede ahorrarte muchos problemas<\/strong>. Y porque al final, todos queremos lo mismo:<\/p>\n\n\n\n<ul class=\"wp-block-list\">\n<li>Comunidades seguras.<\/li>\n\n\n\n<li>Normativas en regla.<\/li>\n\n\n\n<li>Vecinos tranquilos.<\/li>\n<\/ul>\n","protected":false},"excerpt":{"rendered":"<p>La Ley de Prevenci\u00f3n de Riesgos Laborales (PRL) y la Ley de Coordinaci\u00f3n de Actividades Empresariales (CAE) tambi\u00e9n afectan a tu comunidad de propietarios. Y los tribunales ya est\u00e1n dictando sentencias que lo confirman. Si en tu edificio trabaja una persona externa \u2014una limpiadora, un jardinero, un t\u00e9cnico\u2014, la comunidad tiene obligaciones legales que no [&hellip;]<\/p>\n","protected":false},"author":11,"featured_media":349006,"comment_status":"closed","ping_status":"closed","sticky":false,"template":"","format":"standard","meta":{"_et_pb_use_builder":"off","_et_pb_old_content":"","_et_gb_content_width":"","_joinchat":[],"footnotes":""},"categories":[23],"tags":[],"class_list":["post-349004","post","type-post","status-publish","format-standard","has-post-thumbnail","hentry","category-blog"],"yoast_head":"<!-- This site is optimized with the Yoast SEO plugin v27.5 - https:\/\/yoast.com\/product\/yoast-seo-wordpress\/ -->\n<title>\u25b7 L&#039;Escola de Presidents: Ley de PRL y CAE en comunidades - Fincas Olivares<\/title>\n<meta name=\"description\" content=\"Descubre en la pr\u00f3xima sesi\u00f3n de l&#039;Escola de Presidents c\u00f3mo aplicar la Ley de PRL y CAE puede evitar sanciones y mejorar la seguridad en tu comunidad.\" \/>\n<meta name=\"robots\" content=\"index, follow, max-snippet:-1, max-image-preview:large, max-video-preview:-1\" \/>\n<link rel=\"canonical\" href=\"https:\/\/www.fincasolivares.com\/en\/nueva-sesion-de-lescola-de-presidents-como-afecta-la-ley-de-prl-y-cae-a-tu-comunidad-de-propietarios\/\" \/>\n<meta property=\"og:locale\" content=\"en_US\" \/>\n<meta property=\"og:type\" content=\"article\" \/>\n<meta property=\"og:title\" content=\"\u25b7 L&#039;Escola de Presidents: Ley de PRL y CAE en comunidades - Fincas Olivares\" \/>\n<meta property=\"og:description\" content=\"Descubre en la pr\u00f3xima sesi\u00f3n de l&#039;Escola de Presidents c\u00f3mo aplicar la Ley de PRL y CAE puede evitar sanciones y mejorar la seguridad en tu comunidad.\" \/>\n<meta property=\"og:url\" content=\"https:\/\/www.fincasolivares.com\/en\/nueva-sesion-de-lescola-de-presidents-como-afecta-la-ley-de-prl-y-cae-a-tu-comunidad-de-propietarios\/\" \/>\n<meta property=\"og:site_name\" content=\"Fincas Olivares\" \/>\n<meta property=\"article:publisher\" content=\"https:\/\/www.facebook.com\/FincasOlivares\" \/>\n<meta property=\"article:published_time\" content=\"2025-04-16T07:31:15+00:00\" \/>\n<meta property=\"article:modified_time\" content=\"2025-04-16T13:06:55+00:00\" \/>\n<meta property=\"og:image\" content=\"https:\/\/www.fincasolivares.com\/wp-content\/uploads\/2025\/04\/Escola-de-Presidents-scaled.jpg\" \/>\n\t<meta property=\"og:image:width\" content=\"2560\" \/>\n\t<meta property=\"og:image:height\" content=\"1709\" \/>\n\t<meta property=\"og:image:type\" content=\"image\/jpeg\" \/>\n<meta name=\"author\" content=\"InfoAdmin\" \/>\n<meta name=\"twitter:card\" content=\"summary_large_image\" \/>\n<meta name=\"twitter:label1\" content=\"Written by\" \/>\n\t<meta name=\"twitter:data1\" content=\"InfoAdmin\" \/>\n\t<meta name=\"twitter:label2\" content=\"Est. reading time\" \/>\n\t<meta name=\"twitter:data2\" content=\"2 minutes\" \/>\n<script type=\"application\/ld+json\" class=\"yoast-schema-graph\">{\"@context\":\"https:\\\/\\\/schema.org\",\"@graph\":[{\"@type\":\"Article\",\"@id\":\"https:\\\/\\\/www.fincasolivares.com\\\/en\\\/nueva-sesion-de-lescola-de-presidents-como-afecta-la-ley-de-prl-y-cae-a-tu-comunidad-de-propietarios\\\/#article\",\"isPartOf\":{\"@id\":\"https:\\\/\\\/www.fincasolivares.com\\\/en\\\/nueva-sesion-de-lescola-de-presidents-como-afecta-la-ley-de-prl-y-cae-a-tu-comunidad-de-propietarios\\\/\"},\"author\":{\"name\":\"InfoAdmin\",\"@id\":\"https:\\\/\\\/www.fincasolivares.com\\\/en\\\/#\\\/schema\\\/person\\\/70a4cfa418d9719b0f26f16048697bc8\"},\"headline\":\"Nueva sesi\u00f3n de &#8216;l&#8217;Escola de Presidents&#8217;: \u00bfc\u00f3mo afecta la Ley de PRL y CAE a tu comunidad de propietarios?\",\"datePublished\":\"2025-04-16T07:31:15+00:00\",\"dateModified\":\"2025-04-16T13:06:55+00:00\",\"mainEntityOfPage\":{\"@id\":\"https:\\\/\\\/www.fincasolivares.com\\\/en\\\/nueva-sesion-de-lescola-de-presidents-como-afecta-la-ley-de-prl-y-cae-a-tu-comunidad-de-propietarios\\\/\"},\"wordCount\":384,\"publisher\":{\"@id\":\"https:\\\/\\\/www.fincasolivares.com\\\/en\\\/#organization\"},\"image\":{\"@id\":\"https:\\\/\\\/www.fincasolivares.com\\\/en\\\/nueva-sesion-de-lescola-de-presidents-como-afecta-la-ley-de-prl-y-cae-a-tu-comunidad-de-propietarios\\\/#primaryimage\"},\"thumbnailUrl\":\"https:\\\/\\\/www.fincasolivares.com\\\/wp-content\\\/uploads\\\/2025\\\/04\\\/Escola-de-Presidents-scaled.jpg\",\"articleSection\":[\"Blog\"],\"inLanguage\":\"en-US\"},{\"@type\":\"WebPage\",\"@id\":\"https:\\\/\\\/www.fincasolivares.com\\\/en\\\/nueva-sesion-de-lescola-de-presidents-como-afecta-la-ley-de-prl-y-cae-a-tu-comunidad-de-propietarios\\\/\",\"url\":\"https:\\\/\\\/www.fincasolivares.com\\\/en\\\/nueva-sesion-de-lescola-de-presidents-como-afecta-la-ley-de-prl-y-cae-a-tu-comunidad-de-propietarios\\\/\",\"name\":\"\u25b7 L'Escola de Presidents: Ley de PRL y CAE en comunidades - Fincas Olivares\",\"isPartOf\":{\"@id\":\"https:\\\/\\\/www.fincasolivares.com\\\/en\\\/#website\"},\"primaryImageOfPage\":{\"@id\":\"https:\\\/\\\/www.fincasolivares.com\\\/en\\\/nueva-sesion-de-lescola-de-presidents-como-afecta-la-ley-de-prl-y-cae-a-tu-comunidad-de-propietarios\\\/#primaryimage\"},\"image\":{\"@id\":\"https:\\\/\\\/www.fincasolivares.com\\\/en\\\/nueva-sesion-de-lescola-de-presidents-como-afecta-la-ley-de-prl-y-cae-a-tu-comunidad-de-propietarios\\\/#primaryimage\"},\"thumbnailUrl\":\"https:\\\/\\\/www.fincasolivares.com\\\/wp-content\\\/uploads\\\/2025\\\/04\\\/Escola-de-Presidents-scaled.jpg\",\"datePublished\":\"2025-04-16T07:31:15+00:00\",\"dateModified\":\"2025-04-16T13:06:55+00:00\",\"description\":\"Descubre en la pr\u00f3xima sesi\u00f3n de l'Escola de Presidents c\u00f3mo aplicar la Ley de PRL y CAE puede evitar sanciones y mejorar la seguridad en tu comunidad.\",\"breadcrumb\":{\"@id\":\"https:\\\/\\\/www.fincasolivares.com\\\/en\\\/nueva-sesion-de-lescola-de-presidents-como-afecta-la-ley-de-prl-y-cae-a-tu-comunidad-de-propietarios\\\/#breadcrumb\"},\"inLanguage\":\"en-US\",\"potentialAction\":[{\"@type\":\"ReadAction\",\"target\":[\"https:\\\/\\\/www.fincasolivares.com\\\/en\\\/nueva-sesion-de-lescola-de-presidents-como-afecta-la-ley-de-prl-y-cae-a-tu-comunidad-de-propietarios\\\/\"]}]},{\"@type\":\"ImageObject\",\"inLanguage\":\"en-US\",\"@id\":\"https:\\\/\\\/www.fincasolivares.com\\\/en\\\/nueva-sesion-de-lescola-de-presidents-como-afecta-la-ley-de-prl-y-cae-a-tu-comunidad-de-propietarios\\\/#primaryimage\",\"url\":\"https:\\\/\\\/www.fincasolivares.com\\\/wp-content\\\/uploads\\\/2025\\\/04\\\/Escola-de-Presidents-scaled.jpg\",\"contentUrl\":\"https:\\\/\\\/www.fincasolivares.com\\\/wp-content\\\/uploads\\\/2025\\\/04\\\/Escola-de-Presidents-scaled.jpg\",\"width\":2560,\"height\":1709},{\"@type\":\"BreadcrumbList\",\"@id\":\"https:\\\/\\\/www.fincasolivares.com\\\/en\\\/nueva-sesion-de-lescola-de-presidents-como-afecta-la-ley-de-prl-y-cae-a-tu-comunidad-de-propietarios\\\/#breadcrumb\",\"itemListElement\":[{\"@type\":\"ListItem\",\"position\":1,\"name\":\"Portada\",\"item\":\"https:\\\/\\\/www.fincasolivares.com\\\/en\\\/\"},{\"@type\":\"ListItem\",\"position\":2,\"name\":\"Nueva sesi\u00f3n de &#8216;l&#8217;Escola de Presidents&#8217;: \u00bfc\u00f3mo afecta la Ley de PRL y CAE a tu comunidad de propietarios?\"}]},{\"@type\":\"WebSite\",\"@id\":\"https:\\\/\\\/www.fincasolivares.com\\\/en\\\/#website\",\"url\":\"https:\\\/\\\/www.fincasolivares.com\\\/en\\\/\",\"name\":\"Fincas Olivares\",\"description\":\"Administrador de Fincas en Barcelona\",\"publisher\":{\"@id\":\"https:\\\/\\\/www.fincasolivares.com\\\/en\\\/#organization\"},\"potentialAction\":[{\"@type\":\"SearchAction\",\"target\":{\"@type\":\"EntryPoint\",\"urlTemplate\":\"https:\\\/\\\/www.fincasolivares.com\\\/en\\\/?s={search_term_string}\"},\"query-input\":{\"@type\":\"PropertyValueSpecification\",\"valueRequired\":true,\"valueName\":\"search_term_string\"}}],\"inLanguage\":\"en-US\"},{\"@type\":\"Organization\",\"@id\":\"https:\\\/\\\/www.fincasolivares.com\\\/en\\\/#organization\",\"name\":\"Fincas Olivares\",\"url\":\"https:\\\/\\\/www.fincasolivares.com\\\/en\\\/\",\"logo\":{\"@type\":\"ImageObject\",\"inLanguage\":\"en-US\",\"@id\":\"https:\\\/\\\/www.fincasolivares.com\\\/en\\\/#\\\/schema\\\/logo\\\/image\\\/\",\"url\":\"https:\\\/\\\/www.fincasolivares.com\\\/wp-content\\\/uploads\\\/2021\\\/07\\\/Logo-Olivares-1.png\",\"contentUrl\":\"https:\\\/\\\/www.fincasolivares.com\\\/wp-content\\\/uploads\\\/2021\\\/07\\\/Logo-Olivares-1.png\",\"width\":288,\"height\":288,\"caption\":\"Fincas Olivares\"},\"image\":{\"@id\":\"https:\\\/\\\/www.fincasolivares.com\\\/en\\\/#\\\/schema\\\/logo\\\/image\\\/\"},\"sameAs\":[\"https:\\\/\\\/www.facebook.com\\\/FincasOlivares\"]},{\"@type\":\"Person\",\"@id\":\"https:\\\/\\\/www.fincasolivares.com\\\/en\\\/#\\\/schema\\\/person\\\/70a4cfa418d9719b0f26f16048697bc8\",\"name\":\"InfoAdmin\",\"url\":\"https:\\\/\\\/www.fincasolivares.com\\\/en\\\/author\\\/infoadmin\\\/\"}]}<\/script>\n<!-- \/ Yoast SEO plugin. -->","yoast_head_json":{"title":"\u25b7 L'Escola de Presidents: Ley de PRL y CAE en comunidades - Fincas Olivares","description":"Descubre en la pr\u00f3xima sesi\u00f3n de l'Escola de Presidents c\u00f3mo aplicar la Ley de PRL y CAE puede evitar sanciones y mejorar la seguridad en tu comunidad.","robots":{"index":"index","follow":"follow","max-snippet":"max-snippet:-1","max-image-preview":"max-image-preview:large","max-video-preview":"max-video-preview:-1"},"canonical":"https:\/\/www.fincasolivares.com\/en\/nueva-sesion-de-lescola-de-presidents-como-afecta-la-ley-de-prl-y-cae-a-tu-comunidad-de-propietarios\/","og_locale":"en_US","og_type":"article","og_title":"\u25b7 L'Escola de Presidents: Ley de PRL y CAE en comunidades - Fincas Olivares","og_description":"Descubre en la pr\u00f3xima sesi\u00f3n de l'Escola de Presidents c\u00f3mo aplicar la Ley de PRL y CAE puede evitar sanciones y mejorar la seguridad en tu comunidad.","og_url":"https:\/\/www.fincasolivares.com\/en\/nueva-sesion-de-lescola-de-presidents-como-afecta-la-ley-de-prl-y-cae-a-tu-comunidad-de-propietarios\/","og_site_name":"Fincas Olivares","article_publisher":"https:\/\/www.facebook.com\/FincasOlivares","article_published_time":"2025-04-16T07:31:15+00:00","article_modified_time":"2025-04-16T13:06:55+00:00","og_image":[{"width":2560,"height":1709,"url":"https:\/\/www.fincasolivares.com\/wp-content\/uploads\/2025\/04\/Escola-de-Presidents-scaled.jpg","type":"image\/jpeg"}],"author":"InfoAdmin","twitter_card":"summary_large_image","twitter_misc":{"Written by":"InfoAdmin","Est. reading time":"2 minutes"},"schema":{"@context":"https:\/\/schema.org","@graph":[{"@type":"Article","@id":"https:\/\/www.fincasolivares.com\/en\/nueva-sesion-de-lescola-de-presidents-como-afecta-la-ley-de-prl-y-cae-a-tu-comunidad-de-propietarios\/#article","isPartOf":{"@id":"https:\/\/www.fincasolivares.com\/en\/nueva-sesion-de-lescola-de-presidents-como-afecta-la-ley-de-prl-y-cae-a-tu-comunidad-de-propietarios\/"},"author":{"name":"InfoAdmin","@id":"https:\/\/www.fincasolivares.com\/en\/#\/schema\/person\/70a4cfa418d9719b0f26f16048697bc8"},"headline":"Nueva sesi\u00f3n de &#8216;l&#8217;Escola de Presidents&#8217;: \u00bfc\u00f3mo afecta la Ley de PRL y CAE a tu comunidad de propietarios?","datePublished":"2025-04-16T07:31:15+00:00","dateModified":"2025-04-16T13:06:55+00:00","mainEntityOfPage":{"@id":"https:\/\/www.fincasolivares.com\/en\/nueva-sesion-de-lescola-de-presidents-como-afecta-la-ley-de-prl-y-cae-a-tu-comunidad-de-propietarios\/"},"wordCount":384,"publisher":{"@id":"https:\/\/www.fincasolivares.com\/en\/#organization"},"image":{"@id":"https:\/\/www.fincasolivares.com\/en\/nueva-sesion-de-lescola-de-presidents-como-afecta-la-ley-de-prl-y-cae-a-tu-comunidad-de-propietarios\/#primaryimage"},"thumbnailUrl":"https:\/\/www.fincasolivares.com\/wp-content\/uploads\/2025\/04\/Escola-de-Presidents-scaled.jpg","articleSection":["Blog"],"inLanguage":"en-US"},{"@type":"WebPage","@id":"https:\/\/www.fincasolivares.com\/en\/nueva-sesion-de-lescola-de-presidents-como-afecta-la-ley-de-prl-y-cae-a-tu-comunidad-de-propietarios\/","url":"https:\/\/www.fincasolivares.com\/en\/nueva-sesion-de-lescola-de-presidents-como-afecta-la-ley-de-prl-y-cae-a-tu-comunidad-de-propietarios\/","name":"\u25b7 L'Escola de Presidents: Ley de PRL y CAE en comunidades - Fincas Olivares","isPartOf":{"@id":"https:\/\/www.fincasolivares.com\/en\/#website"},"primaryImageOfPage":{"@id":"https:\/\/www.fincasolivares.com\/en\/nueva-sesion-de-lescola-de-presidents-como-afecta-la-ley-de-prl-y-cae-a-tu-comunidad-de-propietarios\/#primaryimage"},"image":{"@id":"https:\/\/www.fincasolivares.com\/en\/nueva-sesion-de-lescola-de-presidents-como-afecta-la-ley-de-prl-y-cae-a-tu-comunidad-de-propietarios\/#primaryimage"},"thumbnailUrl":"https:\/\/www.fincasolivares.com\/wp-content\/uploads\/2025\/04\/Escola-de-Presidents-scaled.jpg","datePublished":"2025-04-16T07:31:15+00:00","dateModified":"2025-04-16T13:06:55+00:00","description":"Descubre en la pr\u00f3xima sesi\u00f3n de l'Escola de Presidents c\u00f3mo aplicar la Ley de PRL y CAE puede evitar sanciones y mejorar la seguridad en tu comunidad.","breadcrumb":{"@id":"https:\/\/www.fincasolivares.com\/en\/nueva-sesion-de-lescola-de-presidents-como-afecta-la-ley-de-prl-y-cae-a-tu-comunidad-de-propietarios\/#breadcrumb"},"inLanguage":"en-US","potentialAction":[{"@type":"ReadAction","target":["https:\/\/www.fincasolivares.com\/en\/nueva-sesion-de-lescola-de-presidents-como-afecta-la-ley-de-prl-y-cae-a-tu-comunidad-de-propietarios\/"]}]},{"@type":"ImageObject","inLanguage":"en-US","@id":"https:\/\/www.fincasolivares.com\/en\/nueva-sesion-de-lescola-de-presidents-como-afecta-la-ley-de-prl-y-cae-a-tu-comunidad-de-propietarios\/#primaryimage","url":"https:\/\/www.fincasolivares.com\/wp-content\/uploads\/2025\/04\/Escola-de-Presidents-scaled.jpg","contentUrl":"https:\/\/www.fincasolivares.com\/wp-content\/uploads\/2025\/04\/Escola-de-Presidents-scaled.jpg","width":2560,"height":1709},{"@type":"BreadcrumbList","@id":"https:\/\/www.fincasolivares.com\/en\/nueva-sesion-de-lescola-de-presidents-como-afecta-la-ley-de-prl-y-cae-a-tu-comunidad-de-propietarios\/#breadcrumb","itemListElement":[{"@type":"ListItem","position":1,"name":"Portada","item":"https:\/\/www.fincasolivares.com\/en\/"},{"@type":"ListItem","position":2,"name":"Nueva sesi\u00f3n de &#8216;l&#8217;Escola de Presidents&#8217;: \u00bfc\u00f3mo afecta la Ley de PRL y CAE a tu comunidad de propietarios?"}]},{"@type":"WebSite","@id":"https:\/\/www.fincasolivares.com\/en\/#website","url":"https:\/\/www.fincasolivares.com\/en\/","name":"Fincas Olivares","description":"Administrador de Fincas en Barcelona","publisher":{"@id":"https:\/\/www.fincasolivares.com\/en\/#organization"},"potentialAction":[{"@type":"SearchAction","target":{"@type":"EntryPoint","urlTemplate":"https:\/\/www.fincasolivares.com\/en\/?s={search_term_string}"},"query-input":{"@type":"PropertyValueSpecification","valueRequired":true,"valueName":"search_term_string"}}],"inLanguage":"en-US"},{"@type":"Organization","@id":"https:\/\/www.fincasolivares.com\/en\/#organization","name":"Fincas Olivares","url":"https:\/\/www.fincasolivares.com\/en\/","logo":{"@type":"ImageObject","inLanguage":"en-US","@id":"https:\/\/www.fincasolivares.com\/en\/#\/schema\/logo\/image\/","url":"https:\/\/www.fincasolivares.com\/wp-content\/uploads\/2021\/07\/Logo-Olivares-1.png","contentUrl":"https:\/\/www.fincasolivares.com\/wp-content\/uploads\/2021\/07\/Logo-Olivares-1.png","width":288,"height":288,"caption":"Fincas Olivares"},"image":{"@id":"https:\/\/www.fincasolivares.com\/en\/#\/schema\/logo\/image\/"},"sameAs":["https:\/\/www.facebook.com\/FincasOlivares"]},{"@type":"Person","@id":"https:\/\/www.fincasolivares.com\/en\/#\/schema\/person\/70a4cfa418d9719b0f26f16048697bc8","name":"InfoAdmin","url":"https:\/\/www.fincasolivares.com\/en\/author\/infoadmin\/"}]}},"_links":{"self":[{"href":"https:\/\/www.fincasolivares.com\/en\/wp-json\/wp\/v2\/posts\/349004","targetHints":{"allow":["GET"]}}],"collection":[{"href":"https:\/\/www.fincasolivares.com\/en\/wp-json\/wp\/v2\/posts"}],"about":[{"href":"https:\/\/www.fincasolivares.com\/en\/wp-json\/wp\/v2\/types\/post"}],"author":[{"embeddable":true,"href":"https:\/\/www.fincasolivares.com\/en\/wp-json\/wp\/v2\/users\/11"}],"replies":[{"embeddable":true,"href":"https:\/\/www.fincasolivares.com\/en\/wp-json\/wp\/v2\/comments?post=349004"}],"version-history":[{"count":3,"href":"https:\/\/www.fincasolivares.com\/en\/wp-json\/wp\/v2\/posts\/349004\/revisions"}],"predecessor-version":[{"id":349023,"href":"https:\/\/www.fincasolivares.com\/en\/wp-json\/wp\/v2\/posts\/349004\/revisions\/349023"}],"wp:featuredmedia":[{"embeddable":true,"href":"https:\/\/www.fincasolivares.com\/en\/wp-json\/wp\/v2\/media\/349006"}],"wp:attachment":[{"href":"https:\/\/www.fincasolivares.com\/en\/wp-json\/wp\/v2\/media?parent=349004"}],"wp:term":[{"taxonomy":"category","embeddable":true,"href":"https:\/\/www.fincasolivares.com\/en\/wp-json\/wp\/v2\/categories?post=349004"},{"taxonomy":"post_tag","embeddable":true,"href":"https:\/\/www.fincasolivares.com\/en\/wp-json\/wp\/v2\/tags?post=349004"}],"curies":[{"name":"wp","href":"https:\/\/api.w.org\/{rel}","templated":true}]}}