{"id":348939,"date":"2025-03-19T11:30:00","date_gmt":"2025-03-19T10:30:00","guid":{"rendered":"https:\/\/www.fincasolivares.com\/?p=348939"},"modified":"2025-03-19T16:31:28","modified_gmt":"2025-03-19T15:31:28","slug":"que-la-declaracion-de-la-renta-2024-no-te-pille-desprevenido","status":"publish","type":"post","link":"https:\/\/www.fincasolivares.com\/en\/que-la-declaracion-de-la-renta-2024-no-te-pille-desprevenido\/","title":{"rendered":"Que la declaraci\u00f3n de la renta 2024 no te pille desprevenido"},"content":{"rendered":"\n<p>Quedan<strong> unas dos semanas <\/strong>\u00a0para la declaraci\u00f3n de la renta 2024, uno de los acontecimientos m\u00e1s esperados y temidos del a\u00f1o, y es que <strong>cualquier detalle importa<\/strong>. Por eso, una v\u00eda a la que cada vez m\u00e1s personas optan es la tramitaci\u00f3n mediante un <strong>administrador<\/strong>. Puede dar apuro dejarlo en manos de un desconocido, pero, \u00bfy si te dij\u00e9ramos que nosotros <strong>podemos ayudarte<\/strong>?\u00a0<\/p>\n\n\n\n<figure class=\"wp-block-image size-large\"><img loading=\"lazy\" decoding=\"async\" width=\"1024\" height=\"725\" src=\"https:\/\/www.fincasolivares.com\/wp-content\/uploads\/2025\/03\/OLIVARES_CAMPANYA-RENDA-2024_POSTER-PANTALLA_A4-HORZ_page-0001-1-1024x725.jpg\" alt=\"\" class=\"wp-image-348971\" srcset=\"https:\/\/www.fincasolivares.com\/wp-content\/uploads\/2025\/03\/OLIVARES_CAMPANYA-RENDA-2024_POSTER-PANTALLA_A4-HORZ_page-0001-1-980x693.jpg 980w, https:\/\/www.fincasolivares.com\/wp-content\/uploads\/2025\/03\/OLIVARES_CAMPANYA-RENDA-2024_POSTER-PANTALLA_A4-HORZ_page-0001-1-480x340.jpg 480w\" sizes=\"(min-width: 0px) and (max-width: 480px) 480px, (min-width: 481px) and (max-width: 980px) 980px, (min-width: 981px) 1024px, 100vw\" \/><\/figure>\n\n\n\n<h2 class=\"wp-block-heading\">\u00a1No dejes que se te pase la declaraci\u00f3n de la renta 2024!<\/h2>\n\n\n\n<p>El 2 de abril comienza la campa\u00f1a de la declaraci\u00f3n de la renta 2024, con un plazo que se extiende hasta el <strong>30 de junio de 2025<\/strong>.<\/p>\n\n\n\n<p><strong>Atenci\u00f3n<\/strong>: Si el resultado de tu declaraci\u00f3n es a ingresar y deseas domiciliar el pago en cuenta, el plazo se acorta hasta el <strong>25 de junio<\/strong>.<\/p>\n\n\n\n<p>Durante estos tres meses, la Agencia Tributaria ofrece diferentes opciones para presentar la declaraci\u00f3n seg\u00fan la v\u00eda elegida:<\/p>\n\n\n\n<ul class=\"wp-block-list\">\n<li><strong>Online<\/strong>: Del 2 de abril al 30 de junio de 2025.<\/li>\n\n\n\n<li><strong>Telef\u00f3nica<\/strong>: Del 6 de mayo al 30 de junio de 2025.<\/li>\n\n\n\n<li><strong>Presencial<\/strong>: Del 2 de junio al 30 de junio de 2025.<\/li>\n<\/ul>\n\n\n\n<p>Si prefieres hacer tu declaraci\u00f3n por tel\u00e9fono o de forma presencial en las oficinas, es obligatorio solicitar cita previa. Est\u00e1 disponible desde el 29 de abril hasta el 27 de junio y desde el 29 de mayo hasta el 27 de junio, respectivamente.<\/p>\n\n\n\n<p>Puedes pedir tu cita a trav\u00e9s de la web de la Agencia Tributaria o llamando a los siguientes n\u00fameros: 91 553 00 71 \/ 901 22 33 44 o tel\u00e9fonos autom\u00e1ticos: 91 535 73 26 \/ 901 12 12 24.<\/p>\n\n\n\n<p>Recuerda que si eres o te has convertido en propietario, ya sea de una vivienda en propiedad o en alquiler, deber\u00e1s&nbsp;<strong>declarar los movimientos monetarios<\/strong>&nbsp;de la operaci\u00f3n, as\u00ed como las&nbsp;<strong>ganancias<\/strong>&nbsp;en caso de haber vendido un inmueble.<\/p>\n\n\n\n<p>\u00a1Pero no solo eso! Tambi\u00e9n puedes<strong>&nbsp;desgravar algunos pagos<\/strong>, como ciertos gastos de la hipoteca, de la operaci\u00f3n de arrendamiento o&nbsp; de obras en tu vivienda antes de venderla, por ejemplo.<\/p>\n\n\n\n<h2 class=\"wp-block-heading\">Tu administraci\u00f3n de confianza tambi\u00e9n puede ser tu gestora en la declaraci\u00f3n de la renta<\/h2>\n\n\n\n<p>S\u00ed, el proceso de declaraci\u00f3n de la renta puede ser m\u00e1s sencillo de lo que se piensa, pero no se puede negar que puede llegar a ser<strong> largo y arduo<\/strong>, y llegar a darnos pereza o incluso <strong>pudor <\/strong>realizar alg\u00fan paso mal o no disponer de los documentos necesarios en el momento de confecci\u00f3n presencial o telef\u00f3nica.<\/p>\n\n\n\n<p>\u00a1Pero tenemos <strong>buenas noticias<\/strong>! Nos alegra mucho poder contarte que disponemos de una nueva prestaci\u00f3n de <strong>gesti\u00f3n de declaraci\u00f3n de la renta.<\/strong><\/p>\n\n\n\n<p>Nuestro equipo de <strong>Fincas Olivares<\/strong>, quienes te podr\u00e1n ayudar gestionando tu declaraci\u00f3n de la renta de 2024. Puedes solicitar toda la informaci\u00f3n al respecto <a href=\"https:\/\/www.fincasolivares.com\/ca\/contacte\/\"><strong>contactando con nosotros<\/strong><\/a>, estaremos encantados de atenderte.<\/p>\n\n\n\n<h2 class=\"wp-block-heading\">Necesitar\u00e1s tener contigo la documentaci\u00f3n necesaria<\/h2>\n\n\n\n<p>Para presentar la declaraci\u00f3n de la renta de 2024, es importante contar con ciertos <strong>documentos<\/strong>, ya que la Agencia Tributaria los solicitar\u00e1 para verificar distintos datos. Los m\u00e1s relevantes son:<\/p>\n\n\n\n<ul class=\"wp-block-list\">\n<li>Renta 2023.<\/li>\n\n\n\n<li>DNI de todos los miembros de la familia.<\/li>\n\n\n\n<li>Certificados de ingresos-2024, de todos los miembros de la familia.<\/li>\n\n\n\n<li>Certificados de Bancos y Cajas de Ahorros 2024 (Renta y Patrimonio).<\/li>\n\n\n\n<li>Recibos IBI-2024 de todas las propiedades. Si est\u00e1 pagando hipoteca tendr\u00e1 que aportar certificado\/2024.<\/li>\n\n\n\n<li>Si tiene propiedades alquiladas, importe de los ingresos y gastos-2024. Si pertenecen a una Comunidad de Bienes: modelo 184\/2024.<\/li>\n\n\n\n<li>En el supuesto de que sea inquilino\/a, tendr\u00e1 que aportar datos del propietario\/a y n.o referencia catastral del local, piso, etc. que tenga alquilado.<\/li>\n\n\n\n<li>Si es usted empresario\/a: pagos fraccionados por anticipado de la renta 2024 (modelos 130\/131), en el supuesto de que est\u00e9 acogido\/da al sistema de m\u00f3dulos, precisamos los datos-base para el c\u00e1lculo de estos; si el sistema en el cual est\u00e1 es Estimaci\u00f3n Directa, los datos que nos tendr\u00e1n que aportar ser\u00e1n: importe ingresos, compras, sueldos y salarios, seguridad social, aut\u00f3nomos, alquileres, reparaciones y conservaci\u00f3n, suministros, gastos financieros, amortizaciones y otros gastos deducibles.<\/li>\n\n\n\n<li>Si ha vendido propiedades inmobiliarias: escritura de compra y gastos de adquisici\u00f3n, escritura de venta y gastos de transmisi\u00f3n.<\/li>\n\n\n\n<li>En el supuesto de que efect\u00fae aportaciones a Planes de Pensiones o posea una Cuenta-vivienda, necesitaremos el certificado correspondiente.<\/li>\n<\/ul>\n\n\n\n<p>Adem\u00e1s, si puedes y quieres acceder a <strong>deducciones <\/strong>o beneficios fiscales, deber\u00e1s aportar:<\/p>\n\n\n\n<ul class=\"wp-block-list\">\n<li><strong>Justificantes <\/strong>de ingresos y gastos deducibles (facturas, contratos)<\/li>\n\n\n\n<li>Si se trata de una adquisici\u00f3n de vivienda habitual con ampliaci\u00f3n del pr\u00e9stamo, los <strong>saldos pendientes<\/strong> de amortizar del pr\u00e9stamo original. Si es con hipoteca, los recibos de los seguros.<\/li>\n<\/ul>\n\n\n\n<div class=\"wp-block-group is-nowrap is-layout-flex wp-container-core-group-is-layout-ad2f72ca wp-block-group-is-layout-flex\">\n<div class=\"wp-block-group is-content-justification-left is-layout-constrained wp-container-core-group-is-layout-8c890d92 wp-block-group-is-layout-constrained\">\n<figure class=\"wp-block-image size-large\"><img loading=\"lazy\" decoding=\"async\" width=\"791\" height=\"1024\" src=\"https:\/\/www.fincasolivares.com\/wp-content\/uploads\/2025\/03\/Copia-de-FINQUES-OLIVARES_COMUNICATS_CAMPANYA-RENDA-2024_ESP.pptx_page-0001-791x1024.jpg\" alt=\"\" class=\"wp-image-348962\" style=\"object-fit:cover\"\/><\/figure>\n<\/div>\n\n\n\n<div class=\"wp-block-group is-layout-constrained wp-block-group-is-layout-constrained\">\n<figure class=\"wp-block-image size-large\"><img loading=\"lazy\" decoding=\"async\" width=\"791\" height=\"1024\" src=\"https:\/\/www.fincasolivares.com\/wp-content\/uploads\/2025\/03\/Copia-de-FINQUES-OLIVARES_COMUNICATS_CAMPANYA-RENDA-2024_ESP.pptx_page-0002-791x1024.jpg\" alt=\"\" class=\"wp-image-348965\"\/><\/figure>\n<\/div>\n<\/div>\n","protected":false},"excerpt":{"rendered":"<p>Quedan unas dos semanas \u00a0para la declaraci\u00f3n de la renta 2024, uno de los acontecimientos m\u00e1s esperados y temidos del a\u00f1o, y es que cualquier detalle importa. Por eso, una v\u00eda a la que cada vez m\u00e1s personas optan es la tramitaci\u00f3n mediante un administrador. Puede dar apuro dejarlo en manos de un desconocido, pero, [&hellip;]<\/p>\n","protected":false},"author":11,"featured_media":348931,"comment_status":"closed","ping_status":"closed","sticky":false,"template":"","format":"standard","meta":{"_et_pb_use_builder":"","_et_pb_old_content":"","_et_gb_content_width":"","_joinchat":[],"footnotes":""},"categories":[23,11],"tags":[],"class_list":["post-348939","post","type-post","status-publish","format-standard","has-post-thumbnail","hentry","category-blog","category-sense-categoria"],"yoast_head":"<!-- This site is optimized with the Yoast SEO plugin v27.4 - https:\/\/yoast.com\/product\/yoast-seo-wordpress\/ -->\n<title>\u25b7 Que la declaraci\u00f3n de la renta 2024 no te pille desprevenido - Fincas Olivares<\/title>\n<meta name=\"description\" content=\"Se acerca la declaraci\u00f3n de la renta de 2024. \u00bfYa sabes las fechas?, \u00bfqu\u00e9 necesitas?, \u00bfc\u00f3mo pedir cita? \u00a1Ent\u00e9rate aqu\u00ed y ahora!\" \/>\n<meta name=\"robots\" content=\"index, follow, max-snippet:-1, max-image-preview:large, max-video-preview:-1\" \/>\n<link rel=\"canonical\" href=\"https:\/\/www.fincasolivares.com\/en\/que-la-declaracion-de-la-renta-2024-no-te-pille-desprevenido\/\" \/>\n<meta property=\"og:locale\" content=\"en_US\" \/>\n<meta property=\"og:type\" content=\"article\" \/>\n<meta property=\"og:title\" content=\"\u25b7 Que la declaraci\u00f3n de la renta 2024 no te pille desprevenido - Fincas Olivares\" \/>\n<meta property=\"og:description\" content=\"Se acerca la declaraci\u00f3n de la renta de 2024. \u00bfYa sabes las fechas?, \u00bfqu\u00e9 necesitas?, \u00bfc\u00f3mo pedir cita? \u00a1Ent\u00e9rate aqu\u00ed y ahora!\" \/>\n<meta property=\"og:url\" content=\"https:\/\/www.fincasolivares.com\/en\/que-la-declaracion-de-la-renta-2024-no-te-pille-desprevenido\/\" \/>\n<meta property=\"og:site_name\" content=\"Fincas Olivares\" \/>\n<meta property=\"article:publisher\" content=\"https:\/\/www.facebook.com\/FincasOlivares\" \/>\n<meta property=\"article:published_time\" content=\"2025-03-19T10:30:00+00:00\" \/>\n<meta property=\"article:modified_time\" content=\"2025-03-19T15:31:28+00:00\" \/>\n<meta property=\"og:image\" content=\"https:\/\/www.fincasolivares.com\/wp-content\/uploads\/2025\/03\/declaracion-de-la-renta-2024-scaled.jpg\" \/>\n\t<meta property=\"og:image:width\" content=\"2560\" \/>\n\t<meta property=\"og:image:height\" content=\"1707\" \/>\n\t<meta property=\"og:image:type\" content=\"image\/jpeg\" \/>\n<meta name=\"author\" content=\"InfoAdmin\" \/>\n<meta name=\"twitter:card\" content=\"summary_large_image\" \/>\n<meta name=\"twitter:label1\" content=\"Written by\" \/>\n\t<meta name=\"twitter:data1\" content=\"InfoAdmin\" \/>\n\t<meta name=\"twitter:label2\" content=\"Est. reading time\" \/>\n\t<meta name=\"twitter:data2\" content=\"5 minutes\" \/>\n<script type=\"application\/ld+json\" class=\"yoast-schema-graph\">{\"@context\":\"https:\\\/\\\/schema.org\",\"@graph\":[{\"@type\":\"Article\",\"@id\":\"https:\\\/\\\/www.fincasolivares.com\\\/en\\\/que-la-declaracion-de-la-renta-2024-no-te-pille-desprevenido\\\/#article\",\"isPartOf\":{\"@id\":\"https:\\\/\\\/www.fincasolivares.com\\\/en\\\/que-la-declaracion-de-la-renta-2024-no-te-pille-desprevenido\\\/\"},\"author\":{\"name\":\"InfoAdmin\",\"@id\":\"https:\\\/\\\/www.fincasolivares.com\\\/en\\\/#\\\/schema\\\/person\\\/70a4cfa418d9719b0f26f16048697bc8\"},\"headline\":\"Que la declaraci\u00f3n de la renta 2024 no te pille desprevenido\",\"datePublished\":\"2025-03-19T10:30:00+00:00\",\"dateModified\":\"2025-03-19T15:31:28+00:00\",\"mainEntityOfPage\":{\"@id\":\"https:\\\/\\\/www.fincasolivares.com\\\/en\\\/que-la-declaracion-de-la-renta-2024-no-te-pille-desprevenido\\\/\"},\"wordCount\":779,\"publisher\":{\"@id\":\"https:\\\/\\\/www.fincasolivares.com\\\/en\\\/#organization\"},\"image\":{\"@id\":\"https:\\\/\\\/www.fincasolivares.com\\\/en\\\/que-la-declaracion-de-la-renta-2024-no-te-pille-desprevenido\\\/#primaryimage\"},\"thumbnailUrl\":\"https:\\\/\\\/www.fincasolivares.com\\\/wp-content\\\/uploads\\\/2025\\\/03\\\/declaracion-de-la-renta-2024-scaled.jpg\",\"articleSection\":[\"Blog\",\"Sense categoria\"],\"inLanguage\":\"en-US\"},{\"@type\":\"WebPage\",\"@id\":\"https:\\\/\\\/www.fincasolivares.com\\\/en\\\/que-la-declaracion-de-la-renta-2024-no-te-pille-desprevenido\\\/\",\"url\":\"https:\\\/\\\/www.fincasolivares.com\\\/en\\\/que-la-declaracion-de-la-renta-2024-no-te-pille-desprevenido\\\/\",\"name\":\"\u25b7 Que la declaraci\u00f3n de la renta 2024 no te pille desprevenido - Fincas Olivares\",\"isPartOf\":{\"@id\":\"https:\\\/\\\/www.fincasolivares.com\\\/en\\\/#website\"},\"primaryImageOfPage\":{\"@id\":\"https:\\\/\\\/www.fincasolivares.com\\\/en\\\/que-la-declaracion-de-la-renta-2024-no-te-pille-desprevenido\\\/#primaryimage\"},\"image\":{\"@id\":\"https:\\\/\\\/www.fincasolivares.com\\\/en\\\/que-la-declaracion-de-la-renta-2024-no-te-pille-desprevenido\\\/#primaryimage\"},\"thumbnailUrl\":\"https:\\\/\\\/www.fincasolivares.com\\\/wp-content\\\/uploads\\\/2025\\\/03\\\/declaracion-de-la-renta-2024-scaled.jpg\",\"datePublished\":\"2025-03-19T10:30:00+00:00\",\"dateModified\":\"2025-03-19T15:31:28+00:00\",\"description\":\"Se acerca la declaraci\u00f3n de la renta de 2024. \u00bfYa sabes las fechas?, \u00bfqu\u00e9 necesitas?, \u00bfc\u00f3mo pedir cita? \u00a1Ent\u00e9rate aqu\u00ed y ahora!\",\"breadcrumb\":{\"@id\":\"https:\\\/\\\/www.fincasolivares.com\\\/en\\\/que-la-declaracion-de-la-renta-2024-no-te-pille-desprevenido\\\/#breadcrumb\"},\"inLanguage\":\"en-US\",\"potentialAction\":[{\"@type\":\"ReadAction\",\"target\":[\"https:\\\/\\\/www.fincasolivares.com\\\/en\\\/que-la-declaracion-de-la-renta-2024-no-te-pille-desprevenido\\\/\"]}]},{\"@type\":\"ImageObject\",\"inLanguage\":\"en-US\",\"@id\":\"https:\\\/\\\/www.fincasolivares.com\\\/en\\\/que-la-declaracion-de-la-renta-2024-no-te-pille-desprevenido\\\/#primaryimage\",\"url\":\"https:\\\/\\\/www.fincasolivares.com\\\/wp-content\\\/uploads\\\/2025\\\/03\\\/declaracion-de-la-renta-2024-scaled.jpg\",\"contentUrl\":\"https:\\\/\\\/www.fincasolivares.com\\\/wp-content\\\/uploads\\\/2025\\\/03\\\/declaracion-de-la-renta-2024-scaled.jpg\",\"width\":2560,\"height\":1707},{\"@type\":\"BreadcrumbList\",\"@id\":\"https:\\\/\\\/www.fincasolivares.com\\\/en\\\/que-la-declaracion-de-la-renta-2024-no-te-pille-desprevenido\\\/#breadcrumb\",\"itemListElement\":[{\"@type\":\"ListItem\",\"position\":1,\"name\":\"Portada\",\"item\":\"https:\\\/\\\/www.fincasolivares.com\\\/en\\\/\"},{\"@type\":\"ListItem\",\"position\":2,\"name\":\"Que la declaraci\u00f3n de la renta 2024 no te pille desprevenido\"}]},{\"@type\":\"WebSite\",\"@id\":\"https:\\\/\\\/www.fincasolivares.com\\\/en\\\/#website\",\"url\":\"https:\\\/\\\/www.fincasolivares.com\\\/en\\\/\",\"name\":\"Fincas Olivares\",\"description\":\"Administrador de Fincas en Barcelona\",\"publisher\":{\"@id\":\"https:\\\/\\\/www.fincasolivares.com\\\/en\\\/#organization\"},\"potentialAction\":[{\"@type\":\"SearchAction\",\"target\":{\"@type\":\"EntryPoint\",\"urlTemplate\":\"https:\\\/\\\/www.fincasolivares.com\\\/en\\\/?s={search_term_string}\"},\"query-input\":{\"@type\":\"PropertyValueSpecification\",\"valueRequired\":true,\"valueName\":\"search_term_string\"}}],\"inLanguage\":\"en-US\"},{\"@type\":\"Organization\",\"@id\":\"https:\\\/\\\/www.fincasolivares.com\\\/en\\\/#organization\",\"name\":\"Fincas Olivares\",\"url\":\"https:\\\/\\\/www.fincasolivares.com\\\/en\\\/\",\"logo\":{\"@type\":\"ImageObject\",\"inLanguage\":\"en-US\",\"@id\":\"https:\\\/\\\/www.fincasolivares.com\\\/en\\\/#\\\/schema\\\/logo\\\/image\\\/\",\"url\":\"https:\\\/\\\/www.fincasolivares.com\\\/wp-content\\\/uploads\\\/2021\\\/07\\\/Logo-Olivares-1.png\",\"contentUrl\":\"https:\\\/\\\/www.fincasolivares.com\\\/wp-content\\\/uploads\\\/2021\\\/07\\\/Logo-Olivares-1.png\",\"width\":288,\"height\":288,\"caption\":\"Fincas Olivares\"},\"image\":{\"@id\":\"https:\\\/\\\/www.fincasolivares.com\\\/en\\\/#\\\/schema\\\/logo\\\/image\\\/\"},\"sameAs\":[\"https:\\\/\\\/www.facebook.com\\\/FincasOlivares\"]},{\"@type\":\"Person\",\"@id\":\"https:\\\/\\\/www.fincasolivares.com\\\/en\\\/#\\\/schema\\\/person\\\/70a4cfa418d9719b0f26f16048697bc8\",\"name\":\"InfoAdmin\",\"url\":\"https:\\\/\\\/www.fincasolivares.com\\\/en\\\/author\\\/infoadmin\\\/\"}]}<\/script>\n<!-- \/ Yoast SEO plugin. -->","yoast_head_json":{"title":"\u25b7 Que la declaraci\u00f3n de la renta 2024 no te pille desprevenido - Fincas Olivares","description":"Se acerca la declaraci\u00f3n de la renta de 2024. \u00bfYa sabes las fechas?, \u00bfqu\u00e9 necesitas?, \u00bfc\u00f3mo pedir cita? \u00a1Ent\u00e9rate aqu\u00ed y ahora!","robots":{"index":"index","follow":"follow","max-snippet":"max-snippet:-1","max-image-preview":"max-image-preview:large","max-video-preview":"max-video-preview:-1"},"canonical":"https:\/\/www.fincasolivares.com\/en\/que-la-declaracion-de-la-renta-2024-no-te-pille-desprevenido\/","og_locale":"en_US","og_type":"article","og_title":"\u25b7 Que la declaraci\u00f3n de la renta 2024 no te pille desprevenido - Fincas Olivares","og_description":"Se acerca la declaraci\u00f3n de la renta de 2024. \u00bfYa sabes las fechas?, \u00bfqu\u00e9 necesitas?, \u00bfc\u00f3mo pedir cita? \u00a1Ent\u00e9rate aqu\u00ed y ahora!","og_url":"https:\/\/www.fincasolivares.com\/en\/que-la-declaracion-de-la-renta-2024-no-te-pille-desprevenido\/","og_site_name":"Fincas Olivares","article_publisher":"https:\/\/www.facebook.com\/FincasOlivares","article_published_time":"2025-03-19T10:30:00+00:00","article_modified_time":"2025-03-19T15:31:28+00:00","og_image":[{"width":2560,"height":1707,"url":"https:\/\/www.fincasolivares.com\/wp-content\/uploads\/2025\/03\/declaracion-de-la-renta-2024-scaled.jpg","type":"image\/jpeg"}],"author":"InfoAdmin","twitter_card":"summary_large_image","twitter_misc":{"Written by":"InfoAdmin","Est. reading time":"5 minutes"},"schema":{"@context":"https:\/\/schema.org","@graph":[{"@type":"Article","@id":"https:\/\/www.fincasolivares.com\/en\/que-la-declaracion-de-la-renta-2024-no-te-pille-desprevenido\/#article","isPartOf":{"@id":"https:\/\/www.fincasolivares.com\/en\/que-la-declaracion-de-la-renta-2024-no-te-pille-desprevenido\/"},"author":{"name":"InfoAdmin","@id":"https:\/\/www.fincasolivares.com\/en\/#\/schema\/person\/70a4cfa418d9719b0f26f16048697bc8"},"headline":"Que la declaraci\u00f3n de la renta 2024 no te pille desprevenido","datePublished":"2025-03-19T10:30:00+00:00","dateModified":"2025-03-19T15:31:28+00:00","mainEntityOfPage":{"@id":"https:\/\/www.fincasolivares.com\/en\/que-la-declaracion-de-la-renta-2024-no-te-pille-desprevenido\/"},"wordCount":779,"publisher":{"@id":"https:\/\/www.fincasolivares.com\/en\/#organization"},"image":{"@id":"https:\/\/www.fincasolivares.com\/en\/que-la-declaracion-de-la-renta-2024-no-te-pille-desprevenido\/#primaryimage"},"thumbnailUrl":"https:\/\/www.fincasolivares.com\/wp-content\/uploads\/2025\/03\/declaracion-de-la-renta-2024-scaled.jpg","articleSection":["Blog","Sense categoria"],"inLanguage":"en-US"},{"@type":"WebPage","@id":"https:\/\/www.fincasolivares.com\/en\/que-la-declaracion-de-la-renta-2024-no-te-pille-desprevenido\/","url":"https:\/\/www.fincasolivares.com\/en\/que-la-declaracion-de-la-renta-2024-no-te-pille-desprevenido\/","name":"\u25b7 Que la declaraci\u00f3n de la renta 2024 no te pille desprevenido - Fincas Olivares","isPartOf":{"@id":"https:\/\/www.fincasolivares.com\/en\/#website"},"primaryImageOfPage":{"@id":"https:\/\/www.fincasolivares.com\/en\/que-la-declaracion-de-la-renta-2024-no-te-pille-desprevenido\/#primaryimage"},"image":{"@id":"https:\/\/www.fincasolivares.com\/en\/que-la-declaracion-de-la-renta-2024-no-te-pille-desprevenido\/#primaryimage"},"thumbnailUrl":"https:\/\/www.fincasolivares.com\/wp-content\/uploads\/2025\/03\/declaracion-de-la-renta-2024-scaled.jpg","datePublished":"2025-03-19T10:30:00+00:00","dateModified":"2025-03-19T15:31:28+00:00","description":"Se acerca la declaraci\u00f3n de la renta de 2024. \u00bfYa sabes las fechas?, \u00bfqu\u00e9 necesitas?, \u00bfc\u00f3mo pedir cita? \u00a1Ent\u00e9rate aqu\u00ed y ahora!","breadcrumb":{"@id":"https:\/\/www.fincasolivares.com\/en\/que-la-declaracion-de-la-renta-2024-no-te-pille-desprevenido\/#breadcrumb"},"inLanguage":"en-US","potentialAction":[{"@type":"ReadAction","target":["https:\/\/www.fincasolivares.com\/en\/que-la-declaracion-de-la-renta-2024-no-te-pille-desprevenido\/"]}]},{"@type":"ImageObject","inLanguage":"en-US","@id":"https:\/\/www.fincasolivares.com\/en\/que-la-declaracion-de-la-renta-2024-no-te-pille-desprevenido\/#primaryimage","url":"https:\/\/www.fincasolivares.com\/wp-content\/uploads\/2025\/03\/declaracion-de-la-renta-2024-scaled.jpg","contentUrl":"https:\/\/www.fincasolivares.com\/wp-content\/uploads\/2025\/03\/declaracion-de-la-renta-2024-scaled.jpg","width":2560,"height":1707},{"@type":"BreadcrumbList","@id":"https:\/\/www.fincasolivares.com\/en\/que-la-declaracion-de-la-renta-2024-no-te-pille-desprevenido\/#breadcrumb","itemListElement":[{"@type":"ListItem","position":1,"name":"Portada","item":"https:\/\/www.fincasolivares.com\/en\/"},{"@type":"ListItem","position":2,"name":"Que la declaraci\u00f3n de la renta 2024 no te pille desprevenido"}]},{"@type":"WebSite","@id":"https:\/\/www.fincasolivares.com\/en\/#website","url":"https:\/\/www.fincasolivares.com\/en\/","name":"Fincas Olivares","description":"Administrador de Fincas en Barcelona","publisher":{"@id":"https:\/\/www.fincasolivares.com\/en\/#organization"},"potentialAction":[{"@type":"SearchAction","target":{"@type":"EntryPoint","urlTemplate":"https:\/\/www.fincasolivares.com\/en\/?s={search_term_string}"},"query-input":{"@type":"PropertyValueSpecification","valueRequired":true,"valueName":"search_term_string"}}],"inLanguage":"en-US"},{"@type":"Organization","@id":"https:\/\/www.fincasolivares.com\/en\/#organization","name":"Fincas Olivares","url":"https:\/\/www.fincasolivares.com\/en\/","logo":{"@type":"ImageObject","inLanguage":"en-US","@id":"https:\/\/www.fincasolivares.com\/en\/#\/schema\/logo\/image\/","url":"https:\/\/www.fincasolivares.com\/wp-content\/uploads\/2021\/07\/Logo-Olivares-1.png","contentUrl":"https:\/\/www.fincasolivares.com\/wp-content\/uploads\/2021\/07\/Logo-Olivares-1.png","width":288,"height":288,"caption":"Fincas Olivares"},"image":{"@id":"https:\/\/www.fincasolivares.com\/en\/#\/schema\/logo\/image\/"},"sameAs":["https:\/\/www.facebook.com\/FincasOlivares"]},{"@type":"Person","@id":"https:\/\/www.fincasolivares.com\/en\/#\/schema\/person\/70a4cfa418d9719b0f26f16048697bc8","name":"InfoAdmin","url":"https:\/\/www.fincasolivares.com\/en\/author\/infoadmin\/"}]}},"_links":{"self":[{"href":"https:\/\/www.fincasolivares.com\/en\/wp-json\/wp\/v2\/posts\/348939","targetHints":{"allow":["GET"]}}],"collection":[{"href":"https:\/\/www.fincasolivares.com\/en\/wp-json\/wp\/v2\/posts"}],"about":[{"href":"https:\/\/www.fincasolivares.com\/en\/wp-json\/wp\/v2\/types\/post"}],"author":[{"embeddable":true,"href":"https:\/\/www.fincasolivares.com\/en\/wp-json\/wp\/v2\/users\/11"}],"replies":[{"embeddable":true,"href":"https:\/\/www.fincasolivares.com\/en\/wp-json\/wp\/v2\/comments?post=348939"}],"version-history":[{"count":4,"href":"https:\/\/www.fincasolivares.com\/en\/wp-json\/wp\/v2\/posts\/348939\/revisions"}],"predecessor-version":[{"id":348975,"href":"https:\/\/www.fincasolivares.com\/en\/wp-json\/wp\/v2\/posts\/348939\/revisions\/348975"}],"wp:featuredmedia":[{"embeddable":true,"href":"https:\/\/www.fincasolivares.com\/en\/wp-json\/wp\/v2\/media\/348931"}],"wp:attachment":[{"href":"https:\/\/www.fincasolivares.com\/en\/wp-json\/wp\/v2\/media?parent=348939"}],"wp:term":[{"taxonomy":"category","embeddable":true,"href":"https:\/\/www.fincasolivares.com\/en\/wp-json\/wp\/v2\/categories?post=348939"},{"taxonomy":"post_tag","embeddable":true,"href":"https:\/\/www.fincasolivares.com\/en\/wp-json\/wp\/v2\/tags?post=348939"}],"curies":[{"name":"wp","href":"https:\/\/api.w.org\/{rel}","templated":true}]}}