{"id":349114,"date":"2025-08-06T12:08:02","date_gmt":"2025-08-06T10:08:02","guid":{"rendered":"https:\/\/www.fincasolivares.com\/?p=349114"},"modified":"2025-08-06T12:09:21","modified_gmt":"2025-08-06T10:09:21","slug":"contracte-de-lloguer-dhabitatge-si-es-propietari-no-es-perdi-aixo","status":"publish","type":"post","link":"https:\/\/www.fincasolivares.com\/ca\/contracte-de-lloguer-dhabitatge-si-es-propietari-no-es-perdi-aixo\/","title":{"rendered":"Contracte de lloguer d&#8217;habitatge: si \u00e9s propietari no es perdi aix\u00f2"},"content":{"rendered":"\n<p>Llogar un habitatge pot convertir-se en una bona font d&#8217;ingressos, per\u00f2 tamb\u00e9 implica certes responsabilitats. El contracte de lloguer \u00e9s l&#8217;eina legal que estableix les regles i redactar-lo correctament pot estalviar-li molts problemes m\u00e9s endavant.<\/p>\n\n\n\n<p>En aquest article li explicarem tot el que ha de tenir en compte sobre el contracte de lloguer si \u00e9s propietari: des de les cl\u00e0usules que no poden faltar fins als errors m\u00e9s habituals que conv\u00e9 evitar.<\/p>\n\n\n\n<h2 class=\"wp-block-heading\">En qu\u00e8 consisteix un contracte de lloguer i per qu\u00e8 ha de prendre atenci\u00f3?<\/h2>\n\n\n\n<p>El contracte d&#8217;arrendament, m\u00e9s conegut com a contracte de lloguer, \u00e9s un acord legal que estableix les condicions sota les quals una persona cedeix l&#8217;\u00fas d&#8217;un habitatge a una altra, a canvi d&#8217;una renda. Aquest document delimita clarament els drets i obligacions tant de l&#8217;arrendador com de l&#8217;arrendatari. En ell s&#8217;especifiquen aspectes essencials com:<\/p>\n\n\n\n<ul class=\"wp-block-list\">\n<li>L&#8217;import mensual del lloguer i la modalitat de pagament.<\/li>\n\n\n\n<li>El termini de duraci\u00f3 del contracte i les possibles pr\u00f2rrogues.<\/li>\n\n\n\n<li>Les normes d&#8217;\u00fas de l&#8217;habitatge arrendat<\/li>\n\n\n\n<li>Les responsabilitats assignades a cada part (reparacions, serveis, conservaci\u00f3 etc.)<\/li>\n<\/ul>\n\n\n\n<p>Aquest tipus de contracte es regeix per la &#8220;Ley de Arrendamientos Urbanos (LAU)&#8221;. Despr\u00e9s, cada comunitat aut\u00f2noma pot tenir algunes legislacions pr\u00f2pies, com l&#8217;\u00edndex de refer\u00e8ncia del preu del lloguer a Catalunya, que pot condicionar l&#8217;import de la renda pactada.<\/p>\n\n\n\n<h2 class=\"wp-block-heading\">Aspectes clau del contracte de lloguer de l&#8217;habitatge<\/h2>\n\n\n\n<p>A continuaci\u00f3, li detallem els punts m\u00e9s rellevants que hauria de tenir en compte com a propietari a l&#8217;hora de redactar un contracte de lloguer d&#8217;habitatge.<\/p>\n\n\n\n<h3 class=\"wp-block-heading\">Duraci\u00f3 del contracte<\/h3>\n\n\n\n<p>D&#8217;acord amb la legislaci\u00f3 vigent, la duraci\u00f3 m\u00ednima d&#8217;un contracte d&#8217;arrendament \u00e9s de cinc anys si vost\u00e8 actua com a persona f\u00edsica, o de set anys si ho fa com a persona jur\u00eddica. Transcorregut aquest per\u00edode, i sempre que cap de les parts manifesti el contrari, el contracte es prorroga autom\u00e0ticament de forma anual fins a un m\u00e0xim de tres anys addicionals.<\/p>\n\n\n\n<p>\u00c9s recomanable deixar clarament especificades les dates d&#8217;inici i fi del contracte, aix\u00ed com qualsevol condici\u00f3 especial relativa a la seva possible resoluci\u00f3 anticipada.<\/p>\n\n\n\n<h3 class=\"wp-block-heading\">Preu del lloguer<\/h3>\n\n\n\n<p>El preu de l&#8217;arrendament pot estar condicionat tan estatalment com auton\u00f2micament. Des de L'&#8221;\u00edndice de Referencia de Arrendamientos de Vivienda&#8221; (IRAV), fins a l&#8217;\u00cdndex de Refer\u00e8ncia de Preus de Lloguer a Catalunya. Si l&#8217;habitatge est\u00e0 situat en una zona de mercat residencial tensionat i es compleixen certs requisits, l&#8217;import s&#8217;haur\u00e0 d&#8217;ajustar a aquests \u00edndexs.<\/p>\n\n\n\n<p>Com arrendador, li conv\u00e9 consultar el valor de refer\u00e8ncia aplicable, recollir la documentaci\u00f3 necess\u00e0ria (com la c\u00e8dula d&#8217;habitabilitat o el contracte anterior) i, en cas de dubtes, comptar amb assessorament jur\u00eddic especialitzat abans de fixar el preu del lloguer.<\/p>\n\n\n\n<h3 class=\"wp-block-heading\">Repartiment de despeses i responsabilitats<\/h3>\n\n\n\n<ol class=\"wp-block-list\">\n<li><\/li>\n<\/ol>\n\n\n\n<p>Una de les q\u00fcestions que genera m\u00e9s dubtes entre els propietaris \u00e9s la distribuci\u00f3 de les despeses. Per norma general, l&#8217;inquil\u00ed ha d&#8217;assumir el cost dels subministraments (aigua, llum, gas, internet) i realitzar les petites reparacions derivades de l&#8217;\u00fas habitual de l&#8217;habitatge.<\/p>\n\n\n\n<p>Vost\u00e8, com a propietari, ha d&#8217;encarregar-se de les reparacions estructurals, del manteniment dels electrodom\u00e8stics si l&#8217;habitatge es lloga amb mobles, i de les despeses de comunitat, excepte que al contracte es pacti el contrari per escrit.<\/p>\n\n\n\n<p>\u00c9s fonamental que totes les condicions quedin reflectides de forma precisa al contracte per evitar malentesos o conflictes posteriors.<\/p>\n\n\n\n<h2 class=\"wp-block-heading\">Errors habituals a contractes de lloguer (i com prevenir-los)<\/h2>\n\n\n\n<p>Incl\u00fas propietaris amb experi\u00e8ncia poden cometre errors en redactar un contracte d&#8217;arrendament. Aquests s\u00f3n algunes de les falles m\u00e9s comunes i com poder evitar-les:<\/p>\n\n\n\n<h3 class=\"wp-block-heading\">No incloure un inventari detallat<\/h3>\n\n\n\n<p>Si l&#8217;habitatge es lloga amb mobles, \u00e9s essencial adjuntar un inventari de tots els mobles, electrodom\u00e8stics i equipaments, incloent-hi el seu estat de conservaci\u00f3. Aquest document servir\u00e0 com a refer\u00e8ncia en cas de desperfectes o p\u00e8rdues en finalitzar el contracte.<\/p>\n\n\n\n<h3 class=\"wp-block-heading\">Utilitzar plantilles gen\u00e8riques sense adaptar-les<\/h3>\n\n\n\n<p>Cada immoble t\u00e9 les seves particularitats. Fer \u00fas d&#8217;un model est\u00e0ndard sense adaptar-lo al seu habitatge pot deixar sense regular aspectes clau com l&#8217;\u00fas de zones comuns, l&#8217;acceptaci\u00f3 de mascotes o normes internes de l&#8217;edifici. Sempre \u00e9s recomanable revisar el text i personalitzar-lo segons les caracter\u00edstiques de la propietat.<\/p>\n\n\n\n<h3 class=\"wp-block-heading\">No registrar el contracte de lloguer ni la fian\u00e7a<\/h3>\n\n\n\n<p>A Catalunya, est\u00e0 legalment obligat a registrar el contracte de lloguer i ingressar la fian\u00e7a corresponent a l&#8217;INCAS\u00d2L (Institut Catal\u00e0 del S\u00f2l). Ometre aquest pas pot portar sancions administratives i complicar gestions futures, com una reclamaci\u00f3 judicial o una actualitzaci\u00f3 de contracte.<\/p>\n\n\n\n<h2 class=\"wp-block-heading\">Recomanacions per a propietaris: converteixi el contracte en el seu major aliat<\/h2>\n\n\n\n<p>Disposar d&#8217;un contracte ben redactat no nom\u00e9s protegeix els seus interessos legals, sin\u00f3 que tamb\u00e9 contribueix a generar una relaci\u00f3 de confian\u00e7a i estabilitat amb l&#8217;inquil\u00ed. Per assolir-ho, \u00e9s fonamental que el contracte estigui sempre per escrit i firmat per ambdues parts, que inclogui cl\u00e0usules espec\u00edfiques per preveure possibles conflictes i que es revisi o actualitzi si es produeixen canvis rellevants al mercat o en condicions d&#8217;\u00fas de l&#8217;habitatge.<\/p>\n","protected":false},"excerpt":{"rendered":"<p>Llogar un habitatge pot convertir-se en una bona font d&#8217;ingressos, per\u00f2 tamb\u00e9 implica certes responsabilitats. El contracte de lloguer \u00e9s l&#8217;eina legal que estableix les regles i redactar-lo correctament pot estalviar-li molts problemes m\u00e9s endavant. En aquest article li explicarem tot el que ha de tenir en compte sobre el contracte de lloguer si \u00e9s [&hellip;]<\/p>\n","protected":false},"author":11,"featured_media":349115,"comment_status":"closed","ping_status":"closed","sticky":false,"template":"","format":"standard","meta":{"_et_pb_use_builder":"off","_et_pb_old_content":"","_et_gb_content_width":"","_joinchat":[],"footnotes":""},"categories":[50],"tags":[],"class_list":["post-349114","post","type-post","status-publish","format-standard","has-post-thumbnail","hentry","category-blog-ca"],"yoast_head":"<!-- This site is optimized with the Yoast SEO plugin v27.5 - https:\/\/yoast.com\/product\/yoast-seo-wordpress\/ -->\n<title>\u25b7 Contracte de lloguer d&#039;habitatge: si \u00e9s propietari no es perdi aix\u00f2 - Fincas Olivares<\/title>\n<meta name=\"description\" content=\"\u00c9s propietari i vol llogar el seu habitatge? Descobreixi qu\u00e8 ha d&#039;incloure un contracte de lloguer i com evitar errades comunes.\" \/>\n<meta name=\"robots\" content=\"index, follow, max-snippet:-1, max-image-preview:large, max-video-preview:-1\" \/>\n<link rel=\"canonical\" href=\"https:\/\/www.fincasolivares.com\/ca\/contracte-de-lloguer-dhabitatge-si-es-propietari-no-es-perdi-aixo\/\" \/>\n<meta property=\"og:locale\" content=\"ca_ES\" \/>\n<meta property=\"og:type\" content=\"article\" \/>\n<meta property=\"og:title\" content=\"\u25b7 Contracte de lloguer d&#039;habitatge: si \u00e9s propietari no es perdi aix\u00f2 - Fincas Olivares\" \/>\n<meta property=\"og:description\" content=\"\u00c9s propietari i vol llogar el seu habitatge? Descobreixi qu\u00e8 ha d&#039;incloure un contracte de lloguer i com evitar errades comunes.\" \/>\n<meta property=\"og:url\" content=\"https:\/\/www.fincasolivares.com\/ca\/contracte-de-lloguer-dhabitatge-si-es-propietari-no-es-perdi-aixo\/\" \/>\n<meta property=\"og:site_name\" content=\"Fincas Olivares\" \/>\n<meta property=\"article:publisher\" content=\"https:\/\/www.facebook.com\/FincasOlivares\" \/>\n<meta property=\"article:published_time\" content=\"2025-08-06T10:08:02+00:00\" \/>\n<meta property=\"article:modified_time\" content=\"2025-08-06T10:09:21+00:00\" \/>\n<meta property=\"og:image\" content=\"https:\/\/www.fincasolivares.com\/wp-content\/uploads\/2025\/07\/contracte-de-lloguer-scaled.jpg\" \/>\n\t<meta property=\"og:image:width\" content=\"2560\" \/>\n\t<meta property=\"og:image:height\" content=\"1707\" \/>\n\t<meta property=\"og:image:type\" content=\"image\/jpeg\" \/>\n<meta name=\"author\" content=\"InfoAdmin\" \/>\n<meta name=\"twitter:card\" content=\"summary_large_image\" \/>\n<meta name=\"twitter:label1\" content=\"Escrit per\" \/>\n\t<meta name=\"twitter:data1\" content=\"InfoAdmin\" \/>\n\t<meta name=\"twitter:label2\" content=\"Temps estimat de lectura\" \/>\n\t<meta name=\"twitter:data2\" content=\"4 minuts\" \/>\n<script type=\"application\/ld+json\" class=\"yoast-schema-graph\">{\"@context\":\"https:\\\/\\\/schema.org\",\"@graph\":[{\"@type\":\"Article\",\"@id\":\"https:\\\/\\\/www.fincasolivares.com\\\/ca\\\/contracte-de-lloguer-dhabitatge-si-es-propietari-no-es-perdi-aixo\\\/#article\",\"isPartOf\":{\"@id\":\"https:\\\/\\\/www.fincasolivares.com\\\/ca\\\/contracte-de-lloguer-dhabitatge-si-es-propietari-no-es-perdi-aixo\\\/\"},\"author\":{\"name\":\"InfoAdmin\",\"@id\":\"https:\\\/\\\/www.fincasolivares.com\\\/ca\\\/#\\\/schema\\\/person\\\/70a4cfa418d9719b0f26f16048697bc8\"},\"headline\":\"Contracte de lloguer d&#8217;habitatge: si \u00e9s propietari no es perdi aix\u00f2\",\"datePublished\":\"2025-08-06T10:08:02+00:00\",\"dateModified\":\"2025-08-06T10:09:21+00:00\",\"mainEntityOfPage\":{\"@id\":\"https:\\\/\\\/www.fincasolivares.com\\\/ca\\\/contracte-de-lloguer-dhabitatge-si-es-propietari-no-es-perdi-aixo\\\/\"},\"wordCount\":901,\"publisher\":{\"@id\":\"https:\\\/\\\/www.fincasolivares.com\\\/ca\\\/#organization\"},\"image\":{\"@id\":\"https:\\\/\\\/www.fincasolivares.com\\\/ca\\\/contracte-de-lloguer-dhabitatge-si-es-propietari-no-es-perdi-aixo\\\/#primaryimage\"},\"thumbnailUrl\":\"https:\\\/\\\/www.fincasolivares.com\\\/wp-content\\\/uploads\\\/2025\\\/07\\\/contracte-de-lloguer-scaled.jpg\",\"articleSection\":[\"Blog\"],\"inLanguage\":\"ca\"},{\"@type\":\"WebPage\",\"@id\":\"https:\\\/\\\/www.fincasolivares.com\\\/ca\\\/contracte-de-lloguer-dhabitatge-si-es-propietari-no-es-perdi-aixo\\\/\",\"url\":\"https:\\\/\\\/www.fincasolivares.com\\\/ca\\\/contracte-de-lloguer-dhabitatge-si-es-propietari-no-es-perdi-aixo\\\/\",\"name\":\"\u25b7 Contracte de lloguer d'habitatge: si \u00e9s propietari no es perdi aix\u00f2 - Fincas Olivares\",\"isPartOf\":{\"@id\":\"https:\\\/\\\/www.fincasolivares.com\\\/ca\\\/#website\"},\"primaryImageOfPage\":{\"@id\":\"https:\\\/\\\/www.fincasolivares.com\\\/ca\\\/contracte-de-lloguer-dhabitatge-si-es-propietari-no-es-perdi-aixo\\\/#primaryimage\"},\"image\":{\"@id\":\"https:\\\/\\\/www.fincasolivares.com\\\/ca\\\/contracte-de-lloguer-dhabitatge-si-es-propietari-no-es-perdi-aixo\\\/#primaryimage\"},\"thumbnailUrl\":\"https:\\\/\\\/www.fincasolivares.com\\\/wp-content\\\/uploads\\\/2025\\\/07\\\/contracte-de-lloguer-scaled.jpg\",\"datePublished\":\"2025-08-06T10:08:02+00:00\",\"dateModified\":\"2025-08-06T10:09:21+00:00\",\"description\":\"\u00c9s propietari i vol llogar el seu habitatge? Descobreixi qu\u00e8 ha d'incloure un contracte de lloguer i com evitar errades comunes.\",\"breadcrumb\":{\"@id\":\"https:\\\/\\\/www.fincasolivares.com\\\/ca\\\/contracte-de-lloguer-dhabitatge-si-es-propietari-no-es-perdi-aixo\\\/#breadcrumb\"},\"inLanguage\":\"ca\",\"potentialAction\":[{\"@type\":\"ReadAction\",\"target\":[\"https:\\\/\\\/www.fincasolivares.com\\\/ca\\\/contracte-de-lloguer-dhabitatge-si-es-propietari-no-es-perdi-aixo\\\/\"]}]},{\"@type\":\"ImageObject\",\"inLanguage\":\"ca\",\"@id\":\"https:\\\/\\\/www.fincasolivares.com\\\/ca\\\/contracte-de-lloguer-dhabitatge-si-es-propietari-no-es-perdi-aixo\\\/#primaryimage\",\"url\":\"https:\\\/\\\/www.fincasolivares.com\\\/wp-content\\\/uploads\\\/2025\\\/07\\\/contracte-de-lloguer-scaled.jpg\",\"contentUrl\":\"https:\\\/\\\/www.fincasolivares.com\\\/wp-content\\\/uploads\\\/2025\\\/07\\\/contracte-de-lloguer-scaled.jpg\",\"width\":2560,\"height\":1707,\"caption\":\"contracte de lloguer\"},{\"@type\":\"BreadcrumbList\",\"@id\":\"https:\\\/\\\/www.fincasolivares.com\\\/ca\\\/contracte-de-lloguer-dhabitatge-si-es-propietari-no-es-perdi-aixo\\\/#breadcrumb\",\"itemListElement\":[{\"@type\":\"ListItem\",\"position\":1,\"name\":\"Portada\",\"item\":\"https:\\\/\\\/www.fincasolivares.com\\\/ca\\\/\"},{\"@type\":\"ListItem\",\"position\":2,\"name\":\"Contracte de lloguer d&#8217;habitatge: si \u00e9s propietari no es perdi aix\u00f2\"}]},{\"@type\":\"WebSite\",\"@id\":\"https:\\\/\\\/www.fincasolivares.com\\\/ca\\\/#website\",\"url\":\"https:\\\/\\\/www.fincasolivares.com\\\/ca\\\/\",\"name\":\"Fincas Olivares\",\"description\":\"Administrador de Fincas en Barcelona\",\"publisher\":{\"@id\":\"https:\\\/\\\/www.fincasolivares.com\\\/ca\\\/#organization\"},\"potentialAction\":[{\"@type\":\"SearchAction\",\"target\":{\"@type\":\"EntryPoint\",\"urlTemplate\":\"https:\\\/\\\/www.fincasolivares.com\\\/ca\\\/?s={search_term_string}\"},\"query-input\":{\"@type\":\"PropertyValueSpecification\",\"valueRequired\":true,\"valueName\":\"search_term_string\"}}],\"inLanguage\":\"ca\"},{\"@type\":\"Organization\",\"@id\":\"https:\\\/\\\/www.fincasolivares.com\\\/ca\\\/#organization\",\"name\":\"Fincas Olivares\",\"url\":\"https:\\\/\\\/www.fincasolivares.com\\\/ca\\\/\",\"logo\":{\"@type\":\"ImageObject\",\"inLanguage\":\"ca\",\"@id\":\"https:\\\/\\\/www.fincasolivares.com\\\/ca\\\/#\\\/schema\\\/logo\\\/image\\\/\",\"url\":\"https:\\\/\\\/www.fincasolivares.com\\\/wp-content\\\/uploads\\\/2021\\\/07\\\/Logo-Olivares-1.png\",\"contentUrl\":\"https:\\\/\\\/www.fincasolivares.com\\\/wp-content\\\/uploads\\\/2021\\\/07\\\/Logo-Olivares-1.png\",\"width\":288,\"height\":288,\"caption\":\"Fincas Olivares\"},\"image\":{\"@id\":\"https:\\\/\\\/www.fincasolivares.com\\\/ca\\\/#\\\/schema\\\/logo\\\/image\\\/\"},\"sameAs\":[\"https:\\\/\\\/www.facebook.com\\\/FincasOlivares\"]},{\"@type\":\"Person\",\"@id\":\"https:\\\/\\\/www.fincasolivares.com\\\/ca\\\/#\\\/schema\\\/person\\\/70a4cfa418d9719b0f26f16048697bc8\",\"name\":\"InfoAdmin\",\"url\":\"https:\\\/\\\/www.fincasolivares.com\\\/ca\\\/author\\\/infoadmin\\\/\"}]}<\/script>\n<!-- \/ Yoast SEO plugin. -->","yoast_head_json":{"title":"\u25b7 Contracte de lloguer d'habitatge: si \u00e9s propietari no es perdi aix\u00f2 - Fincas Olivares","description":"\u00c9s propietari i vol llogar el seu habitatge? Descobreixi qu\u00e8 ha d'incloure un contracte de lloguer i com evitar errades comunes.","robots":{"index":"index","follow":"follow","max-snippet":"max-snippet:-1","max-image-preview":"max-image-preview:large","max-video-preview":"max-video-preview:-1"},"canonical":"https:\/\/www.fincasolivares.com\/ca\/contracte-de-lloguer-dhabitatge-si-es-propietari-no-es-perdi-aixo\/","og_locale":"ca_ES","og_type":"article","og_title":"\u25b7 Contracte de lloguer d'habitatge: si \u00e9s propietari no es perdi aix\u00f2 - Fincas Olivares","og_description":"\u00c9s propietari i vol llogar el seu habitatge? Descobreixi qu\u00e8 ha d'incloure un contracte de lloguer i com evitar errades comunes.","og_url":"https:\/\/www.fincasolivares.com\/ca\/contracte-de-lloguer-dhabitatge-si-es-propietari-no-es-perdi-aixo\/","og_site_name":"Fincas Olivares","article_publisher":"https:\/\/www.facebook.com\/FincasOlivares","article_published_time":"2025-08-06T10:08:02+00:00","article_modified_time":"2025-08-06T10:09:21+00:00","og_image":[{"width":2560,"height":1707,"url":"https:\/\/www.fincasolivares.com\/wp-content\/uploads\/2025\/07\/contracte-de-lloguer-scaled.jpg","type":"image\/jpeg"}],"author":"InfoAdmin","twitter_card":"summary_large_image","twitter_misc":{"Escrit per":"InfoAdmin","Temps estimat de lectura":"4 minuts"},"schema":{"@context":"https:\/\/schema.org","@graph":[{"@type":"Article","@id":"https:\/\/www.fincasolivares.com\/ca\/contracte-de-lloguer-dhabitatge-si-es-propietari-no-es-perdi-aixo\/#article","isPartOf":{"@id":"https:\/\/www.fincasolivares.com\/ca\/contracte-de-lloguer-dhabitatge-si-es-propietari-no-es-perdi-aixo\/"},"author":{"name":"InfoAdmin","@id":"https:\/\/www.fincasolivares.com\/ca\/#\/schema\/person\/70a4cfa418d9719b0f26f16048697bc8"},"headline":"Contracte de lloguer d&#8217;habitatge: si \u00e9s propietari no es perdi aix\u00f2","datePublished":"2025-08-06T10:08:02+00:00","dateModified":"2025-08-06T10:09:21+00:00","mainEntityOfPage":{"@id":"https:\/\/www.fincasolivares.com\/ca\/contracte-de-lloguer-dhabitatge-si-es-propietari-no-es-perdi-aixo\/"},"wordCount":901,"publisher":{"@id":"https:\/\/www.fincasolivares.com\/ca\/#organization"},"image":{"@id":"https:\/\/www.fincasolivares.com\/ca\/contracte-de-lloguer-dhabitatge-si-es-propietari-no-es-perdi-aixo\/#primaryimage"},"thumbnailUrl":"https:\/\/www.fincasolivares.com\/wp-content\/uploads\/2025\/07\/contracte-de-lloguer-scaled.jpg","articleSection":["Blog"],"inLanguage":"ca"},{"@type":"WebPage","@id":"https:\/\/www.fincasolivares.com\/ca\/contracte-de-lloguer-dhabitatge-si-es-propietari-no-es-perdi-aixo\/","url":"https:\/\/www.fincasolivares.com\/ca\/contracte-de-lloguer-dhabitatge-si-es-propietari-no-es-perdi-aixo\/","name":"\u25b7 Contracte de lloguer d'habitatge: si \u00e9s propietari no es perdi aix\u00f2 - Fincas Olivares","isPartOf":{"@id":"https:\/\/www.fincasolivares.com\/ca\/#website"},"primaryImageOfPage":{"@id":"https:\/\/www.fincasolivares.com\/ca\/contracte-de-lloguer-dhabitatge-si-es-propietari-no-es-perdi-aixo\/#primaryimage"},"image":{"@id":"https:\/\/www.fincasolivares.com\/ca\/contracte-de-lloguer-dhabitatge-si-es-propietari-no-es-perdi-aixo\/#primaryimage"},"thumbnailUrl":"https:\/\/www.fincasolivares.com\/wp-content\/uploads\/2025\/07\/contracte-de-lloguer-scaled.jpg","datePublished":"2025-08-06T10:08:02+00:00","dateModified":"2025-08-06T10:09:21+00:00","description":"\u00c9s propietari i vol llogar el seu habitatge? Descobreixi qu\u00e8 ha d'incloure un contracte de lloguer i com evitar errades comunes.","breadcrumb":{"@id":"https:\/\/www.fincasolivares.com\/ca\/contracte-de-lloguer-dhabitatge-si-es-propietari-no-es-perdi-aixo\/#breadcrumb"},"inLanguage":"ca","potentialAction":[{"@type":"ReadAction","target":["https:\/\/www.fincasolivares.com\/ca\/contracte-de-lloguer-dhabitatge-si-es-propietari-no-es-perdi-aixo\/"]}]},{"@type":"ImageObject","inLanguage":"ca","@id":"https:\/\/www.fincasolivares.com\/ca\/contracte-de-lloguer-dhabitatge-si-es-propietari-no-es-perdi-aixo\/#primaryimage","url":"https:\/\/www.fincasolivares.com\/wp-content\/uploads\/2025\/07\/contracte-de-lloguer-scaled.jpg","contentUrl":"https:\/\/www.fincasolivares.com\/wp-content\/uploads\/2025\/07\/contracte-de-lloguer-scaled.jpg","width":2560,"height":1707,"caption":"contracte de lloguer"},{"@type":"BreadcrumbList","@id":"https:\/\/www.fincasolivares.com\/ca\/contracte-de-lloguer-dhabitatge-si-es-propietari-no-es-perdi-aixo\/#breadcrumb","itemListElement":[{"@type":"ListItem","position":1,"name":"Portada","item":"https:\/\/www.fincasolivares.com\/ca\/"},{"@type":"ListItem","position":2,"name":"Contracte de lloguer d&#8217;habitatge: si \u00e9s propietari no es perdi aix\u00f2"}]},{"@type":"WebSite","@id":"https:\/\/www.fincasolivares.com\/ca\/#website","url":"https:\/\/www.fincasolivares.com\/ca\/","name":"Fincas Olivares","description":"Administrador de Fincas en Barcelona","publisher":{"@id":"https:\/\/www.fincasolivares.com\/ca\/#organization"},"potentialAction":[{"@type":"SearchAction","target":{"@type":"EntryPoint","urlTemplate":"https:\/\/www.fincasolivares.com\/ca\/?s={search_term_string}"},"query-input":{"@type":"PropertyValueSpecification","valueRequired":true,"valueName":"search_term_string"}}],"inLanguage":"ca"},{"@type":"Organization","@id":"https:\/\/www.fincasolivares.com\/ca\/#organization","name":"Fincas Olivares","url":"https:\/\/www.fincasolivares.com\/ca\/","logo":{"@type":"ImageObject","inLanguage":"ca","@id":"https:\/\/www.fincasolivares.com\/ca\/#\/schema\/logo\/image\/","url":"https:\/\/www.fincasolivares.com\/wp-content\/uploads\/2021\/07\/Logo-Olivares-1.png","contentUrl":"https:\/\/www.fincasolivares.com\/wp-content\/uploads\/2021\/07\/Logo-Olivares-1.png","width":288,"height":288,"caption":"Fincas Olivares"},"image":{"@id":"https:\/\/www.fincasolivares.com\/ca\/#\/schema\/logo\/image\/"},"sameAs":["https:\/\/www.facebook.com\/FincasOlivares"]},{"@type":"Person","@id":"https:\/\/www.fincasolivares.com\/ca\/#\/schema\/person\/70a4cfa418d9719b0f26f16048697bc8","name":"InfoAdmin","url":"https:\/\/www.fincasolivares.com\/ca\/author\/infoadmin\/"}]}},"_links":{"self":[{"href":"https:\/\/www.fincasolivares.com\/ca\/wp-json\/wp\/v2\/posts\/349114","targetHints":{"allow":["GET"]}}],"collection":[{"href":"https:\/\/www.fincasolivares.com\/ca\/wp-json\/wp\/v2\/posts"}],"about":[{"href":"https:\/\/www.fincasolivares.com\/ca\/wp-json\/wp\/v2\/types\/post"}],"author":[{"embeddable":true,"href":"https:\/\/www.fincasolivares.com\/ca\/wp-json\/wp\/v2\/users\/11"}],"replies":[{"embeddable":true,"href":"https:\/\/www.fincasolivares.com\/ca\/wp-json\/wp\/v2\/comments?post=349114"}],"version-history":[{"count":2,"href":"https:\/\/www.fincasolivares.com\/ca\/wp-json\/wp\/v2\/posts\/349114\/revisions"}],"predecessor-version":[{"id":349119,"href":"https:\/\/www.fincasolivares.com\/ca\/wp-json\/wp\/v2\/posts\/349114\/revisions\/349119"}],"wp:featuredmedia":[{"embeddable":true,"href":"https:\/\/www.fincasolivares.com\/ca\/wp-json\/wp\/v2\/media\/349115"}],"wp:attachment":[{"href":"https:\/\/www.fincasolivares.com\/ca\/wp-json\/wp\/v2\/media?parent=349114"}],"wp:term":[{"taxonomy":"category","embeddable":true,"href":"https:\/\/www.fincasolivares.com\/ca\/wp-json\/wp\/v2\/categories?post=349114"},{"taxonomy":"post_tag","embeddable":true,"href":"https:\/\/www.fincasolivares.com\/ca\/wp-json\/wp\/v2\/tags?post=349114"}],"curies":[{"name":"wp","href":"https:\/\/api.w.org\/{rel}","templated":true}]}}