{"id":349044,"date":"2025-05-13T09:00:00","date_gmt":"2025-05-13T07:00:00","guid":{"rendered":"https:\/\/www.fincasolivares.com\/?p=349044"},"modified":"2025-05-21T12:06:25","modified_gmt":"2025-05-21T10:06:25","slug":"com-afecta-lirav-a-la-rendibilitat-del-teu-lloguer","status":"publish","type":"post","link":"https:\/\/www.fincasolivares.com\/ca\/com-afecta-lirav-a-la-rendibilitat-del-teu-lloguer\/","title":{"rendered":"Com afecta l&#8217;IRAV a la rendibilitat del teu lloguer?"},"content":{"rendered":"\n<p>Si est\u00e0s llogant un habitatge o est\u00e0s pensant a fer-ho<strong>, probablement et preocupi la seva rendibilitat.<\/strong> Ara, amb l\u2019<strong>\u00cdndex de Refer\u00e8ncia d\u2019Arrendaments de Vivenda (IRAV)<\/strong>, es busca <strong>millorar la transpar\u00e8ncia dels contractes de lloguer<\/strong> i evitar usar l\u2019IPC despr\u00e9s d\u2019una etapa d\u2019inestabilitat i grans creixements. T\u2019expliquem <strong>qu\u00e8 \u00e9s l\u2019IRAV<\/strong>, <strong>com afecta la rendibilitat del teu lloguer<\/strong> i <strong>qu\u00e8 aspectes has de tenir en compte si ets propietari d\u2019un habitatge que vols llogar.<\/strong><\/p>\n\n\n\n<h2 class=\"wp-block-heading\"><strong>Qu\u00e8 \u00e9s l\u2019IRAV?<\/strong><\/h2>\n\n\n\n<p>L\u2019<strong>IRAV<\/strong> \u00e9s un <strong>indicador creat pel Ministeri d\u2019Habitatge<\/strong> per oferir una <strong>refer\u00e8ncia oficial sobre els preus de lloguer<\/strong> despr\u00e9s d\u2019un per\u00edode d\u2019inestabilitat inflacion\u00e0ria al pa\u00eds, que va fer que els preus pugessin molt. Aquest <strong>\u00edndex es fa obligatori per a tots aquells contractes que fossin signats despr\u00e9s del 26 de maig de 2023<\/strong>, moment en qu\u00e8 va entrar en vigor la <strong>Llei d\u2019Habitatge<\/strong>.<\/p>\n\n\n\n<p>Encara que es vol deixar enrere les oscil\u00b7lacions de l\u2019IPC, aquest <strong>\u00edndex el continua utilitzant<\/strong> per obtenir el resultat final. L\u2019<strong>IRAV acaba sent el valor m\u00ednim entre la taxa de variaci\u00f3 anual de l\u2019IPC, la taxa de variaci\u00f3 anual de l\u2019IPC subjacent i les taxes de variaci\u00f3 anual mitjana ajustada de l\u2019IPC i l\u2019IPC subjacent.<\/strong><\/p>\n\n\n\n<h2 class=\"wp-block-heading\"><strong>Com calculo la rendibilitat del lloguer amb l\u2019IRAV de refer\u00e8ncia?<\/strong><\/h2>\n\n\n\n<p>L\u2019<strong>IRAV \u00e9s un \u00edndex que s\u2019actualitza mensualment.<\/strong> La seva primera aparici\u00f3 va ser al novembre de 2024. Si, per exemple, prengu\u00e9ssim l\u2019exemple de l\u2019<strong>IRAV de mar\u00e7 de 2025, que va ser de l\u20191,98 %,<\/strong> no podr\u00edem apujar la mensualitat del lloguer m\u00e9s d\u2019aquest percentatge. <strong>Aix\u00f2 abans es feia amb l\u2019IPC.<\/strong><\/p>\n\n\n\n<p>Hi ha <strong>4 passos per calcular l\u2019augment m\u00e0xim del preu del lloguer<\/strong>, s\u00f3n els seg\u00fcents:<\/p>\n\n\n\n<ol class=\"wp-block-list\">\n<li><strong>Recull la xifra de les mensualitats del teu lloguer actual.<\/strong> Si parlem de nou contracte, pots fer servir el d\u2019un contracte anterior.<\/li>\n\n\n\n<li><strong>Converteix en decimal el percentatge de l\u2019IRAV:<\/strong> m\u00e0xim 0,0198 (1,98 %)<\/li>\n\n\n\n<li><strong>Multiplica pel preu del lloguer que has utilitzat de refer\u00e8ncia.<\/strong><\/li>\n\n\n\n<li><strong>Suma el resultat al preu de lloguer de refer\u00e8ncia.<\/strong><\/li>\n<\/ol>\n\n\n\n<p>El <strong>Ministeri d\u2019Habitatge i Agenda Urbana<\/strong> ofereix una <strong><a href=\"https:\/\/www.mivau.gob.es\/vivienda\/calculadora-precio-alquiler\">calculadora en l\u00ednia<\/a><\/strong> per poder donar-te a con\u00e8ixer el preu m\u00e0xim d\u2019actualitzaci\u00f3 del lloguer, <strong>fent-te el c\u00e0lcul per tu perqu\u00e8 no t\u2019agafi un atac si no te\u2019n surts.<\/strong><\/p>\n\n\n\n<h2 class=\"wp-block-heading\"><strong>Com afecta l\u2019IRAV a l\u2019arrendador?<\/strong><\/h2>\n\n\n\n<p>L\u2019<strong>IRAV<\/strong> ens introdueix un <strong>sistema m\u00e9s equitatiu i transparent per actualitzar lloguers.<\/strong> El <strong>propietari obt\u00e9 una eina clara i objectiva per ajustar els preus de manera oficial, minimitzant possibles conflictes<\/strong>, ja que el c\u00e0lcul es fa a partir d\u2019un <strong>indicador regulat per llei.<\/strong> No obstant aix\u00f2, \u00e9s important tenir en compte que <strong>pot impactar sobre la rendibilitat de la propietat en algunes zones.<\/strong><\/p>\n\n\n\n<p>\u00c9s essencial destacar que, per a <strong>tots aquells contractes anteriors al 25 de maig de 2023<\/strong>, data en qu\u00e8 va comen\u00e7ar a aplicar-se la <strong>Llei d\u2019Habitatge<\/strong>, els ajustaments <strong>continuar\u00e0n estant subjectes a l\u2019IPC o a l\u2019\u00cdndex de Garantia de Competitivitat.<\/strong> En canvi, <strong>els contractes signats a partir del 26 de maig de 2023 estar\u00e0n subjectes \u00fanicament a l\u2019IRAV.<\/strong><\/p>\n\n\n\n<p>Amb un <strong>IPC del 2,2 % i un IRAV de l\u20191,98 %, els propietaris es troben amb una limitaci\u00f3 en l\u2019augment de les seves rendes<\/strong>, cosa que <strong>redueix l\u2019impacte de les pujades de preus sobre els seus ingressos.<\/strong> Per facilitar aquest proc\u00e9s, avui en dia <strong>existeixen eines com les calculadores de rendibilitat<\/strong>, que permeten als propietaris <strong>obtenir un c\u00e0lcul de rendibilitat de forma senzilla i r\u00e0pida<\/strong>, millorant la presa de decisions en la gesti\u00f3 dels seus arrendaments.<\/p>\n\n\n\n<h2 class=\"wp-block-heading\"><strong>Quines conseq\u00fc\u00e8ncies t\u00e9 per a l\u2019inquil\u00ed?<\/strong><\/h2>\n\n\n\n<p><strong>El poder con\u00e8ixer l\u2019augment possible del teu lloguer et brinda un major control sobre les despeses mensuals a l\u2019habitatge<\/strong>, augmentant la <strong>transpar\u00e8ncia i la previsibilitat.<\/strong> No obstant aix\u00f2, <strong>l\u2019objectiu del nou \u00edndex va m\u00e9s enll\u00e0 d\u2019aix\u00f2.<\/strong> Es busca <strong>protegir l\u2019inquil\u00ed de futures pujades desmesurades dels preus<\/strong>, evitant que el <strong>seu poder adquisitiu es vegi comprom\u00e8s.<\/strong><\/p>\n\n\n\n<p>Amb un <strong>IRAV de l\u20191,98 % al mar\u00e7 de 2025<\/strong>, aquest ser\u00e0 el <strong>percentatge d\u2019increment m\u00e0xim que es podria aplicar a la teva renda al maig de 2025.<\/strong> Amb aix\u00f2, <strong>es pot tenir m\u00e9s clar com tenir llogat l<\/strong>&#8216;<strong>habitatge.<\/strong><\/p>\n","protected":false},"excerpt":{"rendered":"<p>Si est\u00e0s llogant un habitatge o est\u00e0s pensant a fer-ho, probablement et preocupi la seva rendibilitat. Ara, amb l\u2019\u00cdndex de Refer\u00e8ncia d\u2019Arrendaments de Vivenda (IRAV), es busca millorar la transpar\u00e8ncia dels contractes de lloguer i evitar usar l\u2019IPC despr\u00e9s d\u2019una etapa d\u2019inestabilitat i grans creixements. T\u2019expliquem qu\u00e8 \u00e9s l\u2019IRAV, com afecta la rendibilitat del teu [&hellip;]<\/p>\n","protected":false},"author":11,"featured_media":349040,"comment_status":"closed","ping_status":"closed","sticky":false,"template":"","format":"standard","meta":{"_et_pb_use_builder":"off","_et_pb_old_content":"","_et_gb_content_width":"","_joinchat":[],"footnotes":""},"categories":[50],"tags":[],"class_list":["post-349044","post","type-post","status-publish","format-standard","has-post-thumbnail","hentry","category-blog-ca"],"yoast_head":"<!-- This site is optimized with the Yoast SEO plugin v27.5 - https:\/\/yoast.com\/product\/yoast-seo-wordpress\/ -->\n<title>\u25b7 Com afecta l&#039;IRAV a la rendibilitat del teu lloguer? - Fincas Olivares<\/title>\n<meta name=\"description\" content=\"Entra i apr\u00e8n a calcular la rendibilitat del teu lloguer amb l&#039;\u00edndex IRAV i no deixis que els teus lloguers quedin enrere en el temps.\" \/>\n<meta name=\"robots\" content=\"index, follow, max-snippet:-1, max-image-preview:large, max-video-preview:-1\" \/>\n<link rel=\"canonical\" href=\"https:\/\/www.fincasolivares.com\/ca\/com-afecta-lirav-a-la-rendibilitat-del-teu-lloguer\/\" \/>\n<meta property=\"og:locale\" content=\"ca_ES\" \/>\n<meta property=\"og:type\" content=\"article\" \/>\n<meta property=\"og:title\" content=\"\u25b7 Com afecta l&#039;IRAV a la rendibilitat del teu lloguer? - Fincas Olivares\" \/>\n<meta property=\"og:description\" content=\"Entra i apr\u00e8n a calcular la rendibilitat del teu lloguer amb l&#039;\u00edndex IRAV i no deixis que els teus lloguers quedin enrere en el temps.\" \/>\n<meta property=\"og:url\" content=\"https:\/\/www.fincasolivares.com\/ca\/com-afecta-lirav-a-la-rendibilitat-del-teu-lloguer\/\" \/>\n<meta property=\"og:site_name\" content=\"Fincas Olivares\" \/>\n<meta property=\"article:publisher\" content=\"https:\/\/www.facebook.com\/FincasOlivares\" \/>\n<meta property=\"article:published_time\" content=\"2025-05-13T07:00:00+00:00\" \/>\n<meta property=\"article:modified_time\" content=\"2025-05-21T10:06:25+00:00\" \/>\n<meta property=\"og:image\" content=\"https:\/\/www.fincasolivares.com\/wp-content\/uploads\/2025\/05\/IRAV-scaled.jpg\" \/>\n\t<meta property=\"og:image:width\" content=\"2560\" \/>\n\t<meta property=\"og:image:height\" content=\"1708\" \/>\n\t<meta property=\"og:image:type\" content=\"image\/jpeg\" \/>\n<meta name=\"author\" content=\"InfoAdmin\" \/>\n<meta name=\"twitter:card\" content=\"summary_large_image\" \/>\n<meta name=\"twitter:label1\" content=\"Escrit per\" \/>\n\t<meta name=\"twitter:data1\" content=\"InfoAdmin\" \/>\n\t<meta name=\"twitter:label2\" content=\"Temps estimat de lectura\" \/>\n\t<meta name=\"twitter:data2\" content=\"4 minuts\" \/>\n<script type=\"application\/ld+json\" class=\"yoast-schema-graph\">{\"@context\":\"https:\\\/\\\/schema.org\",\"@graph\":[{\"@type\":\"Article\",\"@id\":\"https:\\\/\\\/www.fincasolivares.com\\\/ca\\\/com-afecta-lirav-a-la-rendibilitat-del-teu-lloguer\\\/#article\",\"isPartOf\":{\"@id\":\"https:\\\/\\\/www.fincasolivares.com\\\/ca\\\/com-afecta-lirav-a-la-rendibilitat-del-teu-lloguer\\\/\"},\"author\":{\"name\":\"InfoAdmin\",\"@id\":\"https:\\\/\\\/www.fincasolivares.com\\\/ca\\\/#\\\/schema\\\/person\\\/70a4cfa418d9719b0f26f16048697bc8\"},\"headline\":\"Com afecta l&#8217;IRAV a la rendibilitat del teu lloguer?\",\"datePublished\":\"2025-05-13T07:00:00+00:00\",\"dateModified\":\"2025-05-21T10:06:25+00:00\",\"mainEntityOfPage\":{\"@id\":\"https:\\\/\\\/www.fincasolivares.com\\\/ca\\\/com-afecta-lirav-a-la-rendibilitat-del-teu-lloguer\\\/\"},\"wordCount\":744,\"publisher\":{\"@id\":\"https:\\\/\\\/www.fincasolivares.com\\\/ca\\\/#organization\"},\"image\":{\"@id\":\"https:\\\/\\\/www.fincasolivares.com\\\/ca\\\/com-afecta-lirav-a-la-rendibilitat-del-teu-lloguer\\\/#primaryimage\"},\"thumbnailUrl\":\"https:\\\/\\\/www.fincasolivares.com\\\/wp-content\\\/uploads\\\/2025\\\/05\\\/IRAV-scaled.jpg\",\"articleSection\":[\"Blog\"],\"inLanguage\":\"ca\"},{\"@type\":\"WebPage\",\"@id\":\"https:\\\/\\\/www.fincasolivares.com\\\/ca\\\/com-afecta-lirav-a-la-rendibilitat-del-teu-lloguer\\\/\",\"url\":\"https:\\\/\\\/www.fincasolivares.com\\\/ca\\\/com-afecta-lirav-a-la-rendibilitat-del-teu-lloguer\\\/\",\"name\":\"\u25b7 Com afecta l'IRAV a la rendibilitat del teu lloguer? - Fincas Olivares\",\"isPartOf\":{\"@id\":\"https:\\\/\\\/www.fincasolivares.com\\\/ca\\\/#website\"},\"primaryImageOfPage\":{\"@id\":\"https:\\\/\\\/www.fincasolivares.com\\\/ca\\\/com-afecta-lirav-a-la-rendibilitat-del-teu-lloguer\\\/#primaryimage\"},\"image\":{\"@id\":\"https:\\\/\\\/www.fincasolivares.com\\\/ca\\\/com-afecta-lirav-a-la-rendibilitat-del-teu-lloguer\\\/#primaryimage\"},\"thumbnailUrl\":\"https:\\\/\\\/www.fincasolivares.com\\\/wp-content\\\/uploads\\\/2025\\\/05\\\/IRAV-scaled.jpg\",\"datePublished\":\"2025-05-13T07:00:00+00:00\",\"dateModified\":\"2025-05-21T10:06:25+00:00\",\"description\":\"Entra i apr\u00e8n a calcular la rendibilitat del teu lloguer amb l'\u00edndex IRAV i no deixis que els teus lloguers quedin enrere en el temps.\",\"breadcrumb\":{\"@id\":\"https:\\\/\\\/www.fincasolivares.com\\\/ca\\\/com-afecta-lirav-a-la-rendibilitat-del-teu-lloguer\\\/#breadcrumb\"},\"inLanguage\":\"ca\",\"potentialAction\":[{\"@type\":\"ReadAction\",\"target\":[\"https:\\\/\\\/www.fincasolivares.com\\\/ca\\\/com-afecta-lirav-a-la-rendibilitat-del-teu-lloguer\\\/\"]}]},{\"@type\":\"ImageObject\",\"inLanguage\":\"ca\",\"@id\":\"https:\\\/\\\/www.fincasolivares.com\\\/ca\\\/com-afecta-lirav-a-la-rendibilitat-del-teu-lloguer\\\/#primaryimage\",\"url\":\"https:\\\/\\\/www.fincasolivares.com\\\/wp-content\\\/uploads\\\/2025\\\/05\\\/IRAV-scaled.jpg\",\"contentUrl\":\"https:\\\/\\\/www.fincasolivares.com\\\/wp-content\\\/uploads\\\/2025\\\/05\\\/IRAV-scaled.jpg\",\"width\":2560,\"height\":1708},{\"@type\":\"BreadcrumbList\",\"@id\":\"https:\\\/\\\/www.fincasolivares.com\\\/ca\\\/com-afecta-lirav-a-la-rendibilitat-del-teu-lloguer\\\/#breadcrumb\",\"itemListElement\":[{\"@type\":\"ListItem\",\"position\":1,\"name\":\"Portada\",\"item\":\"https:\\\/\\\/www.fincasolivares.com\\\/ca\\\/\"},{\"@type\":\"ListItem\",\"position\":2,\"name\":\"Com afecta l&#8217;IRAV a la rendibilitat del teu lloguer?\"}]},{\"@type\":\"WebSite\",\"@id\":\"https:\\\/\\\/www.fincasolivares.com\\\/ca\\\/#website\",\"url\":\"https:\\\/\\\/www.fincasolivares.com\\\/ca\\\/\",\"name\":\"Fincas Olivares\",\"description\":\"Administrador de Fincas en Barcelona\",\"publisher\":{\"@id\":\"https:\\\/\\\/www.fincasolivares.com\\\/ca\\\/#organization\"},\"potentialAction\":[{\"@type\":\"SearchAction\",\"target\":{\"@type\":\"EntryPoint\",\"urlTemplate\":\"https:\\\/\\\/www.fincasolivares.com\\\/ca\\\/?s={search_term_string}\"},\"query-input\":{\"@type\":\"PropertyValueSpecification\",\"valueRequired\":true,\"valueName\":\"search_term_string\"}}],\"inLanguage\":\"ca\"},{\"@type\":\"Organization\",\"@id\":\"https:\\\/\\\/www.fincasolivares.com\\\/ca\\\/#organization\",\"name\":\"Fincas Olivares\",\"url\":\"https:\\\/\\\/www.fincasolivares.com\\\/ca\\\/\",\"logo\":{\"@type\":\"ImageObject\",\"inLanguage\":\"ca\",\"@id\":\"https:\\\/\\\/www.fincasolivares.com\\\/ca\\\/#\\\/schema\\\/logo\\\/image\\\/\",\"url\":\"https:\\\/\\\/www.fincasolivares.com\\\/wp-content\\\/uploads\\\/2021\\\/07\\\/Logo-Olivares-1.png\",\"contentUrl\":\"https:\\\/\\\/www.fincasolivares.com\\\/wp-content\\\/uploads\\\/2021\\\/07\\\/Logo-Olivares-1.png\",\"width\":288,\"height\":288,\"caption\":\"Fincas Olivares\"},\"image\":{\"@id\":\"https:\\\/\\\/www.fincasolivares.com\\\/ca\\\/#\\\/schema\\\/logo\\\/image\\\/\"},\"sameAs\":[\"https:\\\/\\\/www.facebook.com\\\/FincasOlivares\"]},{\"@type\":\"Person\",\"@id\":\"https:\\\/\\\/www.fincasolivares.com\\\/ca\\\/#\\\/schema\\\/person\\\/70a4cfa418d9719b0f26f16048697bc8\",\"name\":\"InfoAdmin\",\"url\":\"https:\\\/\\\/www.fincasolivares.com\\\/ca\\\/author\\\/infoadmin\\\/\"}]}<\/script>\n<!-- \/ Yoast SEO plugin. -->","yoast_head_json":{"title":"\u25b7 Com afecta l'IRAV a la rendibilitat del teu lloguer? - Fincas Olivares","description":"Entra i apr\u00e8n a calcular la rendibilitat del teu lloguer amb l'\u00edndex IRAV i no deixis que els teus lloguers quedin enrere en el temps.","robots":{"index":"index","follow":"follow","max-snippet":"max-snippet:-1","max-image-preview":"max-image-preview:large","max-video-preview":"max-video-preview:-1"},"canonical":"https:\/\/www.fincasolivares.com\/ca\/com-afecta-lirav-a-la-rendibilitat-del-teu-lloguer\/","og_locale":"ca_ES","og_type":"article","og_title":"\u25b7 Com afecta l'IRAV a la rendibilitat del teu lloguer? - Fincas Olivares","og_description":"Entra i apr\u00e8n a calcular la rendibilitat del teu lloguer amb l'\u00edndex IRAV i no deixis que els teus lloguers quedin enrere en el temps.","og_url":"https:\/\/www.fincasolivares.com\/ca\/com-afecta-lirav-a-la-rendibilitat-del-teu-lloguer\/","og_site_name":"Fincas Olivares","article_publisher":"https:\/\/www.facebook.com\/FincasOlivares","article_published_time":"2025-05-13T07:00:00+00:00","article_modified_time":"2025-05-21T10:06:25+00:00","og_image":[{"width":2560,"height":1708,"url":"https:\/\/www.fincasolivares.com\/wp-content\/uploads\/2025\/05\/IRAV-scaled.jpg","type":"image\/jpeg"}],"author":"InfoAdmin","twitter_card":"summary_large_image","twitter_misc":{"Escrit per":"InfoAdmin","Temps estimat de lectura":"4 minuts"},"schema":{"@context":"https:\/\/schema.org","@graph":[{"@type":"Article","@id":"https:\/\/www.fincasolivares.com\/ca\/com-afecta-lirav-a-la-rendibilitat-del-teu-lloguer\/#article","isPartOf":{"@id":"https:\/\/www.fincasolivares.com\/ca\/com-afecta-lirav-a-la-rendibilitat-del-teu-lloguer\/"},"author":{"name":"InfoAdmin","@id":"https:\/\/www.fincasolivares.com\/ca\/#\/schema\/person\/70a4cfa418d9719b0f26f16048697bc8"},"headline":"Com afecta l&#8217;IRAV a la rendibilitat del teu lloguer?","datePublished":"2025-05-13T07:00:00+00:00","dateModified":"2025-05-21T10:06:25+00:00","mainEntityOfPage":{"@id":"https:\/\/www.fincasolivares.com\/ca\/com-afecta-lirav-a-la-rendibilitat-del-teu-lloguer\/"},"wordCount":744,"publisher":{"@id":"https:\/\/www.fincasolivares.com\/ca\/#organization"},"image":{"@id":"https:\/\/www.fincasolivares.com\/ca\/com-afecta-lirav-a-la-rendibilitat-del-teu-lloguer\/#primaryimage"},"thumbnailUrl":"https:\/\/www.fincasolivares.com\/wp-content\/uploads\/2025\/05\/IRAV-scaled.jpg","articleSection":["Blog"],"inLanguage":"ca"},{"@type":"WebPage","@id":"https:\/\/www.fincasolivares.com\/ca\/com-afecta-lirav-a-la-rendibilitat-del-teu-lloguer\/","url":"https:\/\/www.fincasolivares.com\/ca\/com-afecta-lirav-a-la-rendibilitat-del-teu-lloguer\/","name":"\u25b7 Com afecta l'IRAV a la rendibilitat del teu lloguer? - Fincas Olivares","isPartOf":{"@id":"https:\/\/www.fincasolivares.com\/ca\/#website"},"primaryImageOfPage":{"@id":"https:\/\/www.fincasolivares.com\/ca\/com-afecta-lirav-a-la-rendibilitat-del-teu-lloguer\/#primaryimage"},"image":{"@id":"https:\/\/www.fincasolivares.com\/ca\/com-afecta-lirav-a-la-rendibilitat-del-teu-lloguer\/#primaryimage"},"thumbnailUrl":"https:\/\/www.fincasolivares.com\/wp-content\/uploads\/2025\/05\/IRAV-scaled.jpg","datePublished":"2025-05-13T07:00:00+00:00","dateModified":"2025-05-21T10:06:25+00:00","description":"Entra i apr\u00e8n a calcular la rendibilitat del teu lloguer amb l'\u00edndex IRAV i no deixis que els teus lloguers quedin enrere en el temps.","breadcrumb":{"@id":"https:\/\/www.fincasolivares.com\/ca\/com-afecta-lirav-a-la-rendibilitat-del-teu-lloguer\/#breadcrumb"},"inLanguage":"ca","potentialAction":[{"@type":"ReadAction","target":["https:\/\/www.fincasolivares.com\/ca\/com-afecta-lirav-a-la-rendibilitat-del-teu-lloguer\/"]}]},{"@type":"ImageObject","inLanguage":"ca","@id":"https:\/\/www.fincasolivares.com\/ca\/com-afecta-lirav-a-la-rendibilitat-del-teu-lloguer\/#primaryimage","url":"https:\/\/www.fincasolivares.com\/wp-content\/uploads\/2025\/05\/IRAV-scaled.jpg","contentUrl":"https:\/\/www.fincasolivares.com\/wp-content\/uploads\/2025\/05\/IRAV-scaled.jpg","width":2560,"height":1708},{"@type":"BreadcrumbList","@id":"https:\/\/www.fincasolivares.com\/ca\/com-afecta-lirav-a-la-rendibilitat-del-teu-lloguer\/#breadcrumb","itemListElement":[{"@type":"ListItem","position":1,"name":"Portada","item":"https:\/\/www.fincasolivares.com\/ca\/"},{"@type":"ListItem","position":2,"name":"Com afecta l&#8217;IRAV a la rendibilitat del teu lloguer?"}]},{"@type":"WebSite","@id":"https:\/\/www.fincasolivares.com\/ca\/#website","url":"https:\/\/www.fincasolivares.com\/ca\/","name":"Fincas Olivares","description":"Administrador de Fincas en Barcelona","publisher":{"@id":"https:\/\/www.fincasolivares.com\/ca\/#organization"},"potentialAction":[{"@type":"SearchAction","target":{"@type":"EntryPoint","urlTemplate":"https:\/\/www.fincasolivares.com\/ca\/?s={search_term_string}"},"query-input":{"@type":"PropertyValueSpecification","valueRequired":true,"valueName":"search_term_string"}}],"inLanguage":"ca"},{"@type":"Organization","@id":"https:\/\/www.fincasolivares.com\/ca\/#organization","name":"Fincas Olivares","url":"https:\/\/www.fincasolivares.com\/ca\/","logo":{"@type":"ImageObject","inLanguage":"ca","@id":"https:\/\/www.fincasolivares.com\/ca\/#\/schema\/logo\/image\/","url":"https:\/\/www.fincasolivares.com\/wp-content\/uploads\/2021\/07\/Logo-Olivares-1.png","contentUrl":"https:\/\/www.fincasolivares.com\/wp-content\/uploads\/2021\/07\/Logo-Olivares-1.png","width":288,"height":288,"caption":"Fincas Olivares"},"image":{"@id":"https:\/\/www.fincasolivares.com\/ca\/#\/schema\/logo\/image\/"},"sameAs":["https:\/\/www.facebook.com\/FincasOlivares"]},{"@type":"Person","@id":"https:\/\/www.fincasolivares.com\/ca\/#\/schema\/person\/70a4cfa418d9719b0f26f16048697bc8","name":"InfoAdmin","url":"https:\/\/www.fincasolivares.com\/ca\/author\/infoadmin\/"}]}},"_links":{"self":[{"href":"https:\/\/www.fincasolivares.com\/ca\/wp-json\/wp\/v2\/posts\/349044","targetHints":{"allow":["GET"]}}],"collection":[{"href":"https:\/\/www.fincasolivares.com\/ca\/wp-json\/wp\/v2\/posts"}],"about":[{"href":"https:\/\/www.fincasolivares.com\/ca\/wp-json\/wp\/v2\/types\/post"}],"author":[{"embeddable":true,"href":"https:\/\/www.fincasolivares.com\/ca\/wp-json\/wp\/v2\/users\/11"}],"replies":[{"embeddable":true,"href":"https:\/\/www.fincasolivares.com\/ca\/wp-json\/wp\/v2\/comments?post=349044"}],"version-history":[{"count":2,"href":"https:\/\/www.fincasolivares.com\/ca\/wp-json\/wp\/v2\/posts\/349044\/revisions"}],"predecessor-version":[{"id":349046,"href":"https:\/\/www.fincasolivares.com\/ca\/wp-json\/wp\/v2\/posts\/349044\/revisions\/349046"}],"wp:featuredmedia":[{"embeddable":true,"href":"https:\/\/www.fincasolivares.com\/ca\/wp-json\/wp\/v2\/media\/349040"}],"wp:attachment":[{"href":"https:\/\/www.fincasolivares.com\/ca\/wp-json\/wp\/v2\/media?parent=349044"}],"wp:term":[{"taxonomy":"category","embeddable":true,"href":"https:\/\/www.fincasolivares.com\/ca\/wp-json\/wp\/v2\/categories?post=349044"},{"taxonomy":"post_tag","embeddable":true,"href":"https:\/\/www.fincasolivares.com\/ca\/wp-json\/wp\/v2\/tags?post=349044"}],"curies":[{"name":"wp","href":"https:\/\/api.w.org\/{rel}","templated":true}]}}