{"id":348942,"date":"2025-03-19T11:30:03","date_gmt":"2025-03-19T10:30:03","guid":{"rendered":"https:\/\/www.fincasolivares.com\/?p=348942"},"modified":"2025-03-19T16:33:43","modified_gmt":"2025-03-19T15:33:43","slug":"que-la-declaracio-de-la-renda-2024-no-tenxampi-desprevingut","status":"publish","type":"post","link":"https:\/\/www.fincasolivares.com\/ca\/que-la-declaracio-de-la-renda-2024-no-tenxampi-desprevingut\/","title":{"rendered":"Que la declaraci\u00f3 de la renda 2024 no t&#8217;enxampi desprevingut"},"content":{"rendered":"\n<p>Queden <strong>unes dues setmanes<\/strong> per a la declaraci\u00f3 de la renda 2024, un dels esdeveniments m\u00e9s esperats i temuts de l&#8217;any, i \u00e9s que <strong>qualsevol detall importa<\/strong>. Per aix\u00f2, una via a la qual cada vegada m\u00e9s persones opten \u00e9s la tramitaci\u00f3 mitjan\u00e7ant un <strong>administrador<\/strong>. Pot fer vergonya deixar-ho en mans d&#8217;un desconegut, per\u00f2, i si et digu\u00e9ssim que nosaltres <strong>podem ajudar-te<\/strong>?<\/p>\n\n\n\n<figure class=\"wp-block-image size-large\"><img loading=\"lazy\" decoding=\"async\" width=\"1024\" height=\"725\" src=\"https:\/\/www.fincasolivares.com\/wp-content\/uploads\/2025\/03\/OLIVARES_CAMPANYA-RENDA-2024_POSTER-PANTALLA_A4-HORZ_page-0001-1024x725.jpg\" alt=\"\" class=\"wp-image-348953\" srcset=\"https:\/\/www.fincasolivares.com\/wp-content\/uploads\/2025\/03\/OLIVARES_CAMPANYA-RENDA-2024_POSTER-PANTALLA_A4-HORZ_page-0001-980x693.jpg 980w, https:\/\/www.fincasolivares.com\/wp-content\/uploads\/2025\/03\/OLIVARES_CAMPANYA-RENDA-2024_POSTER-PANTALLA_A4-HORZ_page-0001-480x340.jpg 480w\" sizes=\"(min-width: 0px) and (max-width: 480px) 480px, (min-width: 481px) and (max-width: 980px) 980px, (min-width: 981px) 1024px, 100vw\" \/><\/figure>\n\n\n\n<h2 class=\"wp-block-heading\">No deixis que se&#8217;t passi la declaraci\u00f3 de la renda 2024!<\/h2>\n\n\n\n<p>El 2 d&#8217;abril comen\u00e7a la campanya de la declaraci\u00f3 de la renda 2024, amb un termini que s&#8217;est\u00e9n fins al <strong>30 de juny de 2025<\/strong>.<\/p>\n\n\n\n<p><strong>Atenci\u00f3<\/strong>: Si el resultat de la teva declaraci\u00f3 \u00e9s a ingressar i desitges domiciliar el pagament en compte, el termini s&#8217;escur\u00e7a fins al 25 de juny.<\/p>\n\n\n\n<p>Durant aquests tres mesos, l&#8217;Ag\u00e8ncia Tribut\u00e0ria ofereix diferents opcions per a presentar la declaraci\u00f3 segons la via triada:<\/p>\n\n\n\n<div class=\"wp-block-group is-layout-constrained wp-block-group-is-layout-constrained\">\n<ul class=\"wp-block-list\">\n<li><strong>En l\u00ednia<\/strong>: Del 2 d&#8217;abril al 30 de juny de 2025.<\/li>\n\n\n\n<li><strong>Telef\u00f2nica<\/strong>: Del 6 de maig al 30 de juny de 2025.<\/li>\n\n\n\n<li><strong>Presencial<\/strong>: Del 2 de juny al 30 de juny de 2025.<\/li>\n<\/ul>\n<\/div>\n\n\n\n<p>Si prefereixes fer la teva declaraci\u00f3 per tel\u00e8fon o de manera presencial en les oficines, \u00e9s obligatori sol\u00b7licitar cita pr\u00e8via. Est\u00e0 disponible des del 29 d&#8217;abril fins al 27 de juny i des del 29 de maig fins al 27 de juny, respectivament.<\/p>\n\n\n\n<p>Pots demanar la teva cita a trav\u00e9s de la web de l&#8217;Ag\u00e8ncia Tribut\u00e0ria o telefonant als seg\u00fcents n\u00fameros: 91 553 00 71 \/ 901 22 33 44 o tel\u00e8fons autom\u00e0tics: 91 535 73 26 \/ 901 12 12 24.<\/p>\n\n\n\n<p>Recorda que si ets o t&#8217;has convertit en propietari, sigui d&#8217;un habitatge en propietat o en lloguer, haur\u00e0s de <strong>declarar els moviments monetaris <\/strong>de l&#8217;operaci\u00f3, aix\u00ed com els guanys en cas d&#8217;haver venut un immoble.<\/p>\n\n\n\n<p>Per\u00f2 no sols aix\u00f2! Tamb\u00e9 pots <strong>desgravar alguns pagaments<\/strong>, com unes certes despeses de la hipoteca, de l&#8217;operaci\u00f3 d&#8217;arrendament o d&#8217;obres en el teu habitatge abans de vendre-la, per exemple.<\/p>\n\n\n\n<h2 class=\"wp-block-heading\">La teva administraci\u00f3 de confian\u00e7a tamb\u00e9 pot ser la teva gestora en la declaraci\u00f3 de la renda<\/h2>\n\n\n\n<p>S\u00ed, el proc\u00e9s de declaraci\u00f3 de la renda pot ser m\u00e9s senzill del que es pensa, per\u00f2 no es pot negar que pot arribar a ser <strong>llarg i ardu<\/strong>, i arribar a donar-nos mandra o fins i tot por realitzar algun pas malament o no disposar dels documents necessaris en el moment de confecci\u00f3 presencial o telef\u00f2nica.<\/p>\n\n\n\n<p>Per\u00f2 tenim <strong>bones not\u00edcies<\/strong>! Ens alegra molt poder explicar-te que disposem d&#8217;una nova prestaci\u00f3 de <strong>gesti\u00f3 de<\/strong> <strong>declaraci\u00f3 de la renda<\/strong>.<\/p>\n\n\n\n<p>El nostre equip de <strong>Finques Olivares<\/strong>, els qui et podran ajudar gestionant la teva declaraci\u00f3 de la renda de 2024. Pots sol\u00b7licitar tota la informaci\u00f3 sobre aquest tema <strong><a href=\"https:\/\/www.fincasolivares.com\/ca\/contacte\/\">contactant amb nosaltres<\/a><\/strong>, estarem encantats d&#8217;atendre&#8217;t.<\/p>\n\n\n\n<h2 class=\"wp-block-heading\">Necessitar\u00e0s tenir amb tu la documentaci\u00f3 necess\u00e0ria<\/h2>\n\n\n\n<p>Per a presentar la declaraci\u00f3 de la renda de 2024, \u00e9s important comptar amb uns certs <strong>documents<\/strong>, ja que l&#8217;Ag\u00e8ncia Tribut\u00e0ria els sol\u00b7licitar\u00e0 per a verificar diferents dades. Els m\u00e9s rellevants s\u00f3n:<\/p>\n\n\n\n<div class=\"wp-block-group is-layout-constrained wp-block-group-is-layout-constrained\">\n<ul class=\"wp-block-list\">\n<li>Renda 2023.<\/li>\n\n\n\n<li>DNI de tots els membres de la fam\u00edlia.<\/li>\n\n\n\n<li>Certificats d&#8217;ingressos-2024, de tots els membres de la fam\u00edlia.<\/li>\n\n\n\n<li>Certificats de Bancs i Caixes d&#8217;Estalvis 2024 (Renda i Patrimoni).<\/li>\n\n\n\n<li>Rebuts IBI-2024 de totes les propietats. Si est\u00e0 pagant hipoteca haur\u00e0 d&#8217;aportar certificat\/2024.<\/li>\n\n\n\n<li>Si t\u00e9 propietats llogades, import dels ingressos i despeses-2024. Si pertanyen a una Comunitat de B\u00e9ns: model 184\/2024.<\/li>\n\n\n\n<li>En el cas que sigui inquil\u00ed\/a, haur\u00e0 d&#8217;aportar dades del propietari\/a i n\u00fam. refer\u00e8ncia cadastral del local, pis, etc. que tingui llogat.<\/li>\n\n\n\n<li>Si \u00e9s vost\u00e8 empresari\/\u00e0ria: pagaments fraccionats a compte de la renda 2024 (models 130\/131), en el cas que estigui acollit\/da al sistema de m\u00f2duls, precisem les dades-basi per al c\u00e0lcul d&#8217;aquests; si el sistema en el qual est\u00e0 \u00e9s Estimaci\u00f3 Directa, les dades que ens hauran d&#8217;aportar seran: importi ingressos, compres, sous i salaris, seguretat social, aut\u00f2noms, lloguers, reparacions i conservaci\u00f3, subministraments, despeses financeres, amortitzacions i altres despeses dedu\u00efbles.<\/li>\n\n\n\n<li>Si ha venut propietats immobili\u00e0ries: escriptura de compra i despeses d&#8217;adquisici\u00f3, escriptura de venda i despeses de transmissi\u00f3.<\/li>\n\n\n\n<li>En el cas que efectu\u00ef aportacions a Plans de Pensions o posseeixi un Compte-habitatge, necessitarem el certificat corresponent.<\/li>\n<\/ul>\n<\/div>\n\n\n\n<p>A m\u00e9s, si pots i vols accedir a deduccions o beneficis fiscals, haur\u00e0s d&#8217;aportar:<\/p>\n\n\n\n<ul class=\"wp-block-list\">\n<li><strong>Justificants <\/strong>d&#8217;ingressos i despeses dedu\u00efbles (factures, contractes)<\/li>\n\n\n\n<li>Si es tracta d&#8217;una adquisici\u00f3 d&#8217;habitatge habitual amb ampliaci\u00f3 del pr\u00e9stec, els <strong>saldos pendents<\/strong> d&#8217;amortitzar del pr\u00e9stec original. Si \u00e9s amb hipoteca, els rebuts de les assegurances.<\/li>\n<\/ul>\n\n\n\n<div class=\"wp-block-group is-nowrap is-layout-flex wp-container-core-group-is-layout-ad2f72ca wp-block-group-is-layout-flex\">\n<figure class=\"wp-block-image size-large\"><img loading=\"lazy\" decoding=\"async\" width=\"791\" height=\"1024\" src=\"https:\/\/www.fincasolivares.com\/wp-content\/uploads\/2025\/03\/Copia-de-FINQUES-OLIVARES_COMUNICATS_CAMPANYA-RENDA-2024_CAT.pptx_page-0001-791x1024.jpg\" alt=\"\" class=\"wp-image-348956\"\/><\/figure>\n\n\n\n<figure class=\"wp-block-image size-large\"><img loading=\"lazy\" decoding=\"async\" width=\"791\" height=\"1024\" src=\"https:\/\/www.fincasolivares.com\/wp-content\/uploads\/2025\/03\/Copia-de-FINQUES-OLIVARES_COMUNICATS_CAMPANYA-RENDA-2024_CAT.pptx_page-0002-791x1024.jpg\" alt=\"\" class=\"wp-image-348959\"\/><\/figure>\n<\/div>\n","protected":false},"excerpt":{"rendered":"<p>Queden unes dues setmanes per a la declaraci\u00f3 de la renda 2024, un dels esdeveniments m\u00e9s esperats i temuts de l&#8217;any, i \u00e9s que qualsevol detall importa. Per aix\u00f2, una via a la qual cada vegada m\u00e9s persones opten \u00e9s la tramitaci\u00f3 mitjan\u00e7ant un administrador. Pot fer vergonya deixar-ho en mans d&#8217;un desconegut, per\u00f2, i [&hellip;]<\/p>\n","protected":false},"author":11,"featured_media":348943,"comment_status":"closed","ping_status":"closed","sticky":false,"template":"","format":"standard","meta":{"_et_pb_use_builder":"","_et_pb_old_content":"","_et_gb_content_width":"","_joinchat":[],"footnotes":""},"categories":[50,11],"tags":[],"class_list":["post-348942","post","type-post","status-publish","format-standard","has-post-thumbnail","hentry","category-blog-ca","category-sense-categoria"],"yoast_head":"<!-- This site is optimized with the Yoast SEO plugin v27.4 - https:\/\/yoast.com\/product\/yoast-seo-wordpress\/ -->\n<title>\u25b7 Que la declaraci\u00f3 de la renda 2024 no t&#039;enxampi desprevingut - Fincas Olivares<\/title>\n<meta name=\"description\" content=\"S&#039;acosta la declaraci\u00f3 de la renda de 2024. Ja saps les dates?, qu\u00e8 necessites?, com demanar cita? Assabenta&#039;t aqu\u00ed i ara!\" \/>\n<meta name=\"robots\" content=\"index, follow, max-snippet:-1, max-image-preview:large, max-video-preview:-1\" \/>\n<link rel=\"canonical\" href=\"https:\/\/www.fincasolivares.com\/ca\/que-la-declaracio-de-la-renda-2024-no-tenxampi-desprevingut\/\" \/>\n<meta property=\"og:locale\" content=\"ca_ES\" \/>\n<meta property=\"og:type\" content=\"article\" \/>\n<meta property=\"og:title\" content=\"\u25b7 Que la declaraci\u00f3 de la renda 2024 no t&#039;enxampi desprevingut - Fincas Olivares\" \/>\n<meta property=\"og:description\" content=\"S&#039;acosta la declaraci\u00f3 de la renda de 2024. Ja saps les dates?, qu\u00e8 necessites?, com demanar cita? Assabenta&#039;t aqu\u00ed i ara!\" \/>\n<meta property=\"og:url\" content=\"https:\/\/www.fincasolivares.com\/ca\/que-la-declaracio-de-la-renda-2024-no-tenxampi-desprevingut\/\" \/>\n<meta property=\"og:site_name\" content=\"Fincas Olivares\" \/>\n<meta property=\"article:publisher\" content=\"https:\/\/www.facebook.com\/FincasOlivares\" \/>\n<meta property=\"article:published_time\" content=\"2025-03-19T10:30:03+00:00\" \/>\n<meta property=\"article:modified_time\" content=\"2025-03-19T15:33:43+00:00\" \/>\n<meta property=\"og:image\" content=\"https:\/\/www.fincasolivares.com\/wp-content\/uploads\/2025\/03\/declaracion-de-la-renta-2024-1-scaled.jpg\" \/>\n\t<meta property=\"og:image:width\" content=\"2560\" \/>\n\t<meta property=\"og:image:height\" content=\"1707\" \/>\n\t<meta property=\"og:image:type\" content=\"image\/jpeg\" \/>\n<meta name=\"author\" content=\"InfoAdmin\" \/>\n<meta name=\"twitter:card\" content=\"summary_large_image\" \/>\n<meta name=\"twitter:label1\" content=\"Escrit per\" \/>\n\t<meta name=\"twitter:data1\" content=\"InfoAdmin\" \/>\n\t<meta name=\"twitter:label2\" content=\"Temps estimat de lectura\" \/>\n\t<meta name=\"twitter:data2\" content=\"5 minuts\" \/>\n<script type=\"application\/ld+json\" class=\"yoast-schema-graph\">{\"@context\":\"https:\\\/\\\/schema.org\",\"@graph\":[{\"@type\":\"Article\",\"@id\":\"https:\\\/\\\/www.fincasolivares.com\\\/ca\\\/que-la-declaracio-de-la-renda-2024-no-tenxampi-desprevingut\\\/#article\",\"isPartOf\":{\"@id\":\"https:\\\/\\\/www.fincasolivares.com\\\/ca\\\/que-la-declaracio-de-la-renda-2024-no-tenxampi-desprevingut\\\/\"},\"author\":{\"name\":\"InfoAdmin\",\"@id\":\"https:\\\/\\\/www.fincasolivares.com\\\/ca\\\/#\\\/schema\\\/person\\\/70a4cfa418d9719b0f26f16048697bc8\"},\"headline\":\"Que la declaraci\u00f3 de la renda 2024 no t&#8217;enxampi desprevingut\",\"datePublished\":\"2025-03-19T10:30:03+00:00\",\"dateModified\":\"2025-03-19T15:33:43+00:00\",\"mainEntityOfPage\":{\"@id\":\"https:\\\/\\\/www.fincasolivares.com\\\/ca\\\/que-la-declaracio-de-la-renda-2024-no-tenxampi-desprevingut\\\/\"},\"wordCount\":777,\"publisher\":{\"@id\":\"https:\\\/\\\/www.fincasolivares.com\\\/ca\\\/#organization\"},\"image\":{\"@id\":\"https:\\\/\\\/www.fincasolivares.com\\\/ca\\\/que-la-declaracio-de-la-renda-2024-no-tenxampi-desprevingut\\\/#primaryimage\"},\"thumbnailUrl\":\"https:\\\/\\\/www.fincasolivares.com\\\/wp-content\\\/uploads\\\/2025\\\/03\\\/declaracion-de-la-renta-2024-1-scaled.jpg\",\"articleSection\":[\"Blog\"],\"inLanguage\":\"ca\"},{\"@type\":\"WebPage\",\"@id\":\"https:\\\/\\\/www.fincasolivares.com\\\/ca\\\/que-la-declaracio-de-la-renda-2024-no-tenxampi-desprevingut\\\/\",\"url\":\"https:\\\/\\\/www.fincasolivares.com\\\/ca\\\/que-la-declaracio-de-la-renda-2024-no-tenxampi-desprevingut\\\/\",\"name\":\"\u25b7 Que la declaraci\u00f3 de la renda 2024 no t'enxampi desprevingut - Fincas Olivares\",\"isPartOf\":{\"@id\":\"https:\\\/\\\/www.fincasolivares.com\\\/ca\\\/#website\"},\"primaryImageOfPage\":{\"@id\":\"https:\\\/\\\/www.fincasolivares.com\\\/ca\\\/que-la-declaracio-de-la-renda-2024-no-tenxampi-desprevingut\\\/#primaryimage\"},\"image\":{\"@id\":\"https:\\\/\\\/www.fincasolivares.com\\\/ca\\\/que-la-declaracio-de-la-renda-2024-no-tenxampi-desprevingut\\\/#primaryimage\"},\"thumbnailUrl\":\"https:\\\/\\\/www.fincasolivares.com\\\/wp-content\\\/uploads\\\/2025\\\/03\\\/declaracion-de-la-renta-2024-1-scaled.jpg\",\"datePublished\":\"2025-03-19T10:30:03+00:00\",\"dateModified\":\"2025-03-19T15:33:43+00:00\",\"description\":\"S'acosta la declaraci\u00f3 de la renda de 2024. Ja saps les dates?, qu\u00e8 necessites?, com demanar cita? Assabenta't aqu\u00ed i ara!\",\"breadcrumb\":{\"@id\":\"https:\\\/\\\/www.fincasolivares.com\\\/ca\\\/que-la-declaracio-de-la-renda-2024-no-tenxampi-desprevingut\\\/#breadcrumb\"},\"inLanguage\":\"ca\",\"potentialAction\":[{\"@type\":\"ReadAction\",\"target\":[\"https:\\\/\\\/www.fincasolivares.com\\\/ca\\\/que-la-declaracio-de-la-renda-2024-no-tenxampi-desprevingut\\\/\"]}]},{\"@type\":\"ImageObject\",\"inLanguage\":\"ca\",\"@id\":\"https:\\\/\\\/www.fincasolivares.com\\\/ca\\\/que-la-declaracio-de-la-renda-2024-no-tenxampi-desprevingut\\\/#primaryimage\",\"url\":\"https:\\\/\\\/www.fincasolivares.com\\\/wp-content\\\/uploads\\\/2025\\\/03\\\/declaracion-de-la-renta-2024-1-scaled.jpg\",\"contentUrl\":\"https:\\\/\\\/www.fincasolivares.com\\\/wp-content\\\/uploads\\\/2025\\\/03\\\/declaracion-de-la-renta-2024-1-scaled.jpg\",\"width\":2560,\"height\":1707},{\"@type\":\"BreadcrumbList\",\"@id\":\"https:\\\/\\\/www.fincasolivares.com\\\/ca\\\/que-la-declaracio-de-la-renda-2024-no-tenxampi-desprevingut\\\/#breadcrumb\",\"itemListElement\":[{\"@type\":\"ListItem\",\"position\":1,\"name\":\"Portada\",\"item\":\"https:\\\/\\\/www.fincasolivares.com\\\/ca\\\/\"},{\"@type\":\"ListItem\",\"position\":2,\"name\":\"Que la declaraci\u00f3 de la renda 2024 no t&#8217;enxampi desprevingut\"}]},{\"@type\":\"WebSite\",\"@id\":\"https:\\\/\\\/www.fincasolivares.com\\\/ca\\\/#website\",\"url\":\"https:\\\/\\\/www.fincasolivares.com\\\/ca\\\/\",\"name\":\"Fincas Olivares\",\"description\":\"Administrador de Fincas en Barcelona\",\"publisher\":{\"@id\":\"https:\\\/\\\/www.fincasolivares.com\\\/ca\\\/#organization\"},\"potentialAction\":[{\"@type\":\"SearchAction\",\"target\":{\"@type\":\"EntryPoint\",\"urlTemplate\":\"https:\\\/\\\/www.fincasolivares.com\\\/ca\\\/?s={search_term_string}\"},\"query-input\":{\"@type\":\"PropertyValueSpecification\",\"valueRequired\":true,\"valueName\":\"search_term_string\"}}],\"inLanguage\":\"ca\"},{\"@type\":\"Organization\",\"@id\":\"https:\\\/\\\/www.fincasolivares.com\\\/ca\\\/#organization\",\"name\":\"Fincas Olivares\",\"url\":\"https:\\\/\\\/www.fincasolivares.com\\\/ca\\\/\",\"logo\":{\"@type\":\"ImageObject\",\"inLanguage\":\"ca\",\"@id\":\"https:\\\/\\\/www.fincasolivares.com\\\/ca\\\/#\\\/schema\\\/logo\\\/image\\\/\",\"url\":\"https:\\\/\\\/www.fincasolivares.com\\\/wp-content\\\/uploads\\\/2021\\\/07\\\/Logo-Olivares-1.png\",\"contentUrl\":\"https:\\\/\\\/www.fincasolivares.com\\\/wp-content\\\/uploads\\\/2021\\\/07\\\/Logo-Olivares-1.png\",\"width\":288,\"height\":288,\"caption\":\"Fincas Olivares\"},\"image\":{\"@id\":\"https:\\\/\\\/www.fincasolivares.com\\\/ca\\\/#\\\/schema\\\/logo\\\/image\\\/\"},\"sameAs\":[\"https:\\\/\\\/www.facebook.com\\\/FincasOlivares\"]},{\"@type\":\"Person\",\"@id\":\"https:\\\/\\\/www.fincasolivares.com\\\/ca\\\/#\\\/schema\\\/person\\\/70a4cfa418d9719b0f26f16048697bc8\",\"name\":\"InfoAdmin\",\"url\":\"https:\\\/\\\/www.fincasolivares.com\\\/ca\\\/author\\\/infoadmin\\\/\"}]}<\/script>\n<!-- \/ Yoast SEO plugin. -->","yoast_head_json":{"title":"\u25b7 Que la declaraci\u00f3 de la renda 2024 no t'enxampi desprevingut - Fincas Olivares","description":"S'acosta la declaraci\u00f3 de la renda de 2024. Ja saps les dates?, qu\u00e8 necessites?, com demanar cita? Assabenta't aqu\u00ed i ara!","robots":{"index":"index","follow":"follow","max-snippet":"max-snippet:-1","max-image-preview":"max-image-preview:large","max-video-preview":"max-video-preview:-1"},"canonical":"https:\/\/www.fincasolivares.com\/ca\/que-la-declaracio-de-la-renda-2024-no-tenxampi-desprevingut\/","og_locale":"ca_ES","og_type":"article","og_title":"\u25b7 Que la declaraci\u00f3 de la renda 2024 no t'enxampi desprevingut - Fincas Olivares","og_description":"S'acosta la declaraci\u00f3 de la renda de 2024. Ja saps les dates?, qu\u00e8 necessites?, com demanar cita? Assabenta't aqu\u00ed i ara!","og_url":"https:\/\/www.fincasolivares.com\/ca\/que-la-declaracio-de-la-renda-2024-no-tenxampi-desprevingut\/","og_site_name":"Fincas Olivares","article_publisher":"https:\/\/www.facebook.com\/FincasOlivares","article_published_time":"2025-03-19T10:30:03+00:00","article_modified_time":"2025-03-19T15:33:43+00:00","og_image":[{"width":2560,"height":1707,"url":"https:\/\/www.fincasolivares.com\/wp-content\/uploads\/2025\/03\/declaracion-de-la-renta-2024-1-scaled.jpg","type":"image\/jpeg"}],"author":"InfoAdmin","twitter_card":"summary_large_image","twitter_misc":{"Escrit per":"InfoAdmin","Temps estimat de lectura":"5 minuts"},"schema":{"@context":"https:\/\/schema.org","@graph":[{"@type":"Article","@id":"https:\/\/www.fincasolivares.com\/ca\/que-la-declaracio-de-la-renda-2024-no-tenxampi-desprevingut\/#article","isPartOf":{"@id":"https:\/\/www.fincasolivares.com\/ca\/que-la-declaracio-de-la-renda-2024-no-tenxampi-desprevingut\/"},"author":{"name":"InfoAdmin","@id":"https:\/\/www.fincasolivares.com\/ca\/#\/schema\/person\/70a4cfa418d9719b0f26f16048697bc8"},"headline":"Que la declaraci\u00f3 de la renda 2024 no t&#8217;enxampi desprevingut","datePublished":"2025-03-19T10:30:03+00:00","dateModified":"2025-03-19T15:33:43+00:00","mainEntityOfPage":{"@id":"https:\/\/www.fincasolivares.com\/ca\/que-la-declaracio-de-la-renda-2024-no-tenxampi-desprevingut\/"},"wordCount":777,"publisher":{"@id":"https:\/\/www.fincasolivares.com\/ca\/#organization"},"image":{"@id":"https:\/\/www.fincasolivares.com\/ca\/que-la-declaracio-de-la-renda-2024-no-tenxampi-desprevingut\/#primaryimage"},"thumbnailUrl":"https:\/\/www.fincasolivares.com\/wp-content\/uploads\/2025\/03\/declaracion-de-la-renta-2024-1-scaled.jpg","articleSection":["Blog"],"inLanguage":"ca"},{"@type":"WebPage","@id":"https:\/\/www.fincasolivares.com\/ca\/que-la-declaracio-de-la-renda-2024-no-tenxampi-desprevingut\/","url":"https:\/\/www.fincasolivares.com\/ca\/que-la-declaracio-de-la-renda-2024-no-tenxampi-desprevingut\/","name":"\u25b7 Que la declaraci\u00f3 de la renda 2024 no t'enxampi desprevingut - Fincas Olivares","isPartOf":{"@id":"https:\/\/www.fincasolivares.com\/ca\/#website"},"primaryImageOfPage":{"@id":"https:\/\/www.fincasolivares.com\/ca\/que-la-declaracio-de-la-renda-2024-no-tenxampi-desprevingut\/#primaryimage"},"image":{"@id":"https:\/\/www.fincasolivares.com\/ca\/que-la-declaracio-de-la-renda-2024-no-tenxampi-desprevingut\/#primaryimage"},"thumbnailUrl":"https:\/\/www.fincasolivares.com\/wp-content\/uploads\/2025\/03\/declaracion-de-la-renta-2024-1-scaled.jpg","datePublished":"2025-03-19T10:30:03+00:00","dateModified":"2025-03-19T15:33:43+00:00","description":"S'acosta la declaraci\u00f3 de la renda de 2024. Ja saps les dates?, qu\u00e8 necessites?, com demanar cita? Assabenta't aqu\u00ed i ara!","breadcrumb":{"@id":"https:\/\/www.fincasolivares.com\/ca\/que-la-declaracio-de-la-renda-2024-no-tenxampi-desprevingut\/#breadcrumb"},"inLanguage":"ca","potentialAction":[{"@type":"ReadAction","target":["https:\/\/www.fincasolivares.com\/ca\/que-la-declaracio-de-la-renda-2024-no-tenxampi-desprevingut\/"]}]},{"@type":"ImageObject","inLanguage":"ca","@id":"https:\/\/www.fincasolivares.com\/ca\/que-la-declaracio-de-la-renda-2024-no-tenxampi-desprevingut\/#primaryimage","url":"https:\/\/www.fincasolivares.com\/wp-content\/uploads\/2025\/03\/declaracion-de-la-renta-2024-1-scaled.jpg","contentUrl":"https:\/\/www.fincasolivares.com\/wp-content\/uploads\/2025\/03\/declaracion-de-la-renta-2024-1-scaled.jpg","width":2560,"height":1707},{"@type":"BreadcrumbList","@id":"https:\/\/www.fincasolivares.com\/ca\/que-la-declaracio-de-la-renda-2024-no-tenxampi-desprevingut\/#breadcrumb","itemListElement":[{"@type":"ListItem","position":1,"name":"Portada","item":"https:\/\/www.fincasolivares.com\/ca\/"},{"@type":"ListItem","position":2,"name":"Que la declaraci\u00f3 de la renda 2024 no t&#8217;enxampi desprevingut"}]},{"@type":"WebSite","@id":"https:\/\/www.fincasolivares.com\/ca\/#website","url":"https:\/\/www.fincasolivares.com\/ca\/","name":"Fincas Olivares","description":"Administrador de Fincas en Barcelona","publisher":{"@id":"https:\/\/www.fincasolivares.com\/ca\/#organization"},"potentialAction":[{"@type":"SearchAction","target":{"@type":"EntryPoint","urlTemplate":"https:\/\/www.fincasolivares.com\/ca\/?s={search_term_string}"},"query-input":{"@type":"PropertyValueSpecification","valueRequired":true,"valueName":"search_term_string"}}],"inLanguage":"ca"},{"@type":"Organization","@id":"https:\/\/www.fincasolivares.com\/ca\/#organization","name":"Fincas Olivares","url":"https:\/\/www.fincasolivares.com\/ca\/","logo":{"@type":"ImageObject","inLanguage":"ca","@id":"https:\/\/www.fincasolivares.com\/ca\/#\/schema\/logo\/image\/","url":"https:\/\/www.fincasolivares.com\/wp-content\/uploads\/2021\/07\/Logo-Olivares-1.png","contentUrl":"https:\/\/www.fincasolivares.com\/wp-content\/uploads\/2021\/07\/Logo-Olivares-1.png","width":288,"height":288,"caption":"Fincas Olivares"},"image":{"@id":"https:\/\/www.fincasolivares.com\/ca\/#\/schema\/logo\/image\/"},"sameAs":["https:\/\/www.facebook.com\/FincasOlivares"]},{"@type":"Person","@id":"https:\/\/www.fincasolivares.com\/ca\/#\/schema\/person\/70a4cfa418d9719b0f26f16048697bc8","name":"InfoAdmin","url":"https:\/\/www.fincasolivares.com\/ca\/author\/infoadmin\/"}]}},"_links":{"self":[{"href":"https:\/\/www.fincasolivares.com\/ca\/wp-json\/wp\/v2\/posts\/348942","targetHints":{"allow":["GET"]}}],"collection":[{"href":"https:\/\/www.fincasolivares.com\/ca\/wp-json\/wp\/v2\/posts"}],"about":[{"href":"https:\/\/www.fincasolivares.com\/ca\/wp-json\/wp\/v2\/types\/post"}],"author":[{"embeddable":true,"href":"https:\/\/www.fincasolivares.com\/ca\/wp-json\/wp\/v2\/users\/11"}],"replies":[{"embeddable":true,"href":"https:\/\/www.fincasolivares.com\/ca\/wp-json\/wp\/v2\/comments?post=348942"}],"version-history":[{"count":3,"href":"https:\/\/www.fincasolivares.com\/ca\/wp-json\/wp\/v2\/posts\/348942\/revisions"}],"predecessor-version":[{"id":348977,"href":"https:\/\/www.fincasolivares.com\/ca\/wp-json\/wp\/v2\/posts\/348942\/revisions\/348977"}],"wp:featuredmedia":[{"embeddable":true,"href":"https:\/\/www.fincasolivares.com\/ca\/wp-json\/wp\/v2\/media\/348943"}],"wp:attachment":[{"href":"https:\/\/www.fincasolivares.com\/ca\/wp-json\/wp\/v2\/media?parent=348942"}],"wp:term":[{"taxonomy":"category","embeddable":true,"href":"https:\/\/www.fincasolivares.com\/ca\/wp-json\/wp\/v2\/categories?post=348942"},{"taxonomy":"post_tag","embeddable":true,"href":"https:\/\/www.fincasolivares.com\/ca\/wp-json\/wp\/v2\/tags?post=348942"}],"curies":[{"name":"wp","href":"https:\/\/api.w.org\/{rel}","templated":true}]}}