{"id":348867,"date":"2025-02-13T09:00:00","date_gmt":"2025-02-13T08:00:00","guid":{"rendered":"https:\/\/www.fincasolivares.com\/?p=348867"},"modified":"2025-02-17T18:41:55","modified_gmt":"2025-02-17T17:41:55","slug":"les-12-noves-mesures-en-materia-dhabitatge-del-govern-despanya","status":"publish","type":"post","link":"https:\/\/www.fincasolivares.com\/ca\/les-12-noves-mesures-en-materia-dhabitatge-del-govern-despanya\/","title":{"rendered":"Les 12 noves mesures en mat\u00e8ria d&#8217;habitatge del Govern d&#8217;Espanya"},"content":{"rendered":"\n<h4 class=\"wp-block-heading\"><strong>1- Cessi\u00f3 d&#8217;immobles i s\u00f2l a la nova Empresa P\u00fablica d&#8217;Habitatge<\/strong><\/h4>\n\n\n\n<p>L\u2019Administraci\u00f3 General de l&#8217;Estat (AGE) ha transferit m\u00e9s de 3.300 habitatges i gaireb\u00e9 2 milions de m\u00b2 de s\u00f2l residencial per construir allotjaments socials de lloguer assequible destinats als joves. A m\u00e9s, s\u2019inclouran 13.000 habitatges provinents de la SAREB durant el primer semestre del 2025 i unes altres 17.000 de manera progressiva.<\/p>\n\n\n\n<h4 class=\"wp-block-heading\"><strong>2- L\u2019Administraci\u00f3 General de l&#8217;Estat tindr\u00e0 prioritat en la compra de propietats<\/strong><\/h4>\n\n\n\n<p>L&#8217;Empresa P\u00fablica d&#8217;Habitatge tindr\u00e0 prefer\u00e8ncia per adquirir immobles i parcel\u00b7les.<\/p>\n\n\n\n<h4 class=\"wp-block-heading\"><strong>3- Es protegeix l\u2019habitatge protegit estatal<\/strong><\/h4>\n\n\n\n<p>Per llei, qualsevol habitatge promogut per l&#8217;Estat haur\u00e0 de romandre en mans p\u00fabliques de manera indefinida, evitant aix\u00ed la seva venda a fons d\u2019inversi\u00f3 o a l\u2019\u00e0mbit privat.<\/p>\n\n\n\n<h4 class=\"wp-block-heading\"><strong>4- Nou PERTE per a la construcci\u00f3 industrialitzada i modular<\/strong><\/h4>\n\n\n\n<p>Es posar\u00e0 en marxa un projecte estrat\u00e8gic orientat a l\u2019edificaci\u00f3 modular i industrialitzada, amb l\u2019objectiu d\u2019escur\u00e7ar terminis, reduir costos i minimitzar l\u2019impacte mediambiental.<\/p>\n\n\n\n<p>Aquesta mesura es desenvolupar\u00e0 a la prov\u00edncia de Val\u00e8ncia per impulsar la recuperaci\u00f3 econ\u00f2mica despr\u00e9s dels efectes de la DANA.<\/p>\n\n\n\n<h4 class=\"wp-block-heading\"><strong>5- Creaci\u00f3 d\u2019un sistema de garanties p\u00fabliques per al lloguer assequible<\/strong><\/h4>\n\n\n\n<p>L\u2019objectiu d\u2019aquest sistema \u00e9s incentivar els propietaris perqu\u00e8 ofereixin els seus habitatges buits a un preu assequible, assegurant el cobrament del lloguer i protegint els inquilins. Inicialment, s\u2019aplicar\u00e0 a aquells que lloguin a joves menors de 35 anys, seguint el model aplicat a Fran\u00e7a (que ha tingut \u00e8xit).<\/p>\n\n\n\n<h4 class=\"wp-block-heading\"><strong>6- Programa de rehabilitaci\u00f3 d\u2019habitatges buits<\/strong><\/h4>\n\n\n\n<p>Es concediran subvencions per reformar immobles amb la condici\u00f3 de destinar-los al lloguer a preu redu\u00eft durant almenys 5 anys. Amb aquesta mesura es pret\u00e9n reduir el nombre d\u2019habitatges desocupats que no es lloguen perqu\u00e8 necessiten una reforma.<\/p>\n\n\n\n<h4 class=\"wp-block-heading\"><strong>7- Exempci\u00f3 fiscal del 100% de l\u2019IRPF<\/strong><\/h4>\n\n\n\n<p>Una altra de les mesures anunciades \u00e9s l\u2019exempci\u00f3 total de l\u2019IRPF per als propietaris que estableixin la renda segons l\u2019\u00cdndex de Preus de Refer\u00e8ncia (IPC), sense limitar aquesta bonificaci\u00f3 a zones considerades tensionades.<\/p>\n\n\n\n<h4 class=\"wp-block-heading\"><strong>8- Canvis en la fiscalitat dels habitatges tur\u00edstics<\/strong><\/h4>\n\n\n\n<p>Es planteja que els habitatges destinats al lloguer vacacional es considerin un negoci i tributin com a activitat econ\u00f2mica, incloent-hi l&#8217;aplicaci\u00f3 de l\u2019IVA en zones amb saturaci\u00f3 tur\u00edstica o amb dificultats d\u2019acc\u00e9s a l\u2019habitatge.<\/p>\n\n\n\n<h4 class=\"wp-block-heading\"><strong>9- Condicionament dels beneficis fiscals de les SOCIMIS<\/strong><\/h4>\n\n\n\n<p>Per mantenir els beneficis fiscals, aquestes societats hauran de destinar una part dels seus immobles al lloguer assequible.<\/p>\n\n\n\n<h4 class=\"wp-block-heading\"><strong>10- Restriccions a la compra d\u2019immobles per part de no residents extracomunitaris<\/strong><\/h4>\n\n\n\n<p>Una de les mesures estrella del Govern en mat\u00e8ria d\u2019habitatge \u00e9s l\u2019augment fins al 100% del gravamen fiscal per als no residents a la Uni\u00f3 Europea que comprin habitatge a Espanya, amb l\u2019objectiu de prioritzar l\u2019acc\u00e9s als residents.<\/p>\n\n\n\n<h4 class=\"wp-block-heading\"><strong>11- Enduriment de la regulaci\u00f3 per combatre el frau en lloguers de curta durada<\/strong><\/h4>\n\n\n\n<p>S\u2019endurir\u00e0 la normativa per frenar l\u2019\u00fas fraudulent d\u2019habitatges tur\u00edstics, aix\u00ed com altres modalitats de lloguer de temporada. A m\u00e9s, es crear\u00e0 un fons perqu\u00e8 les administracions auton\u00f2miques i municipals incrementin les inspeccions d\u2019aquests allotjaments.<\/p>\n\n\n\n<h4 class=\"wp-block-heading\"><strong>12- Nou Pla Estatal d\u2019Habitatge a partir del 2026<\/strong><\/h4>\n\n\n\n<p>Finalment, es preveu un nou programa que ampliar\u00e0 les ajudes per al lloguer i la compra del primer habitatge, amb especial atenci\u00f3 a col\u00b7lectius com els joves, persones grans, persones amb discapacitat i aquelles que visquin en zones tensionades.<\/p>\n\n\n\n<p>Qu\u00e8 et semblen les noves mesures anunciades pel Govern?<\/p>\n","protected":false},"excerpt":{"rendered":"<p>1- Cessi\u00f3 d&#8217;immobles i s\u00f2l a la nova Empresa P\u00fablica d&#8217;Habitatge L\u2019Administraci\u00f3 General de l&#8217;Estat (AGE) ha transferit m\u00e9s de 3.300 habitatges i gaireb\u00e9 2 milions de m\u00b2 de s\u00f2l residencial per construir allotjaments socials de lloguer assequible destinats als joves. A m\u00e9s, s\u2019inclouran 13.000 habitatges provinents de la SAREB durant el primer semestre del [&hellip;]<\/p>\n","protected":false},"author":7,"featured_media":348854,"comment_status":"closed","ping_status":"closed","sticky":false,"template":"","format":"standard","meta":{"_et_pb_use_builder":"off","_et_pb_old_content":"","_et_gb_content_width":"","_joinchat":[],"footnotes":""},"categories":[50],"tags":[],"class_list":["post-348867","post","type-post","status-publish","format-standard","has-post-thumbnail","hentry","category-blog-ca"],"yoast_head":"<!-- This site is optimized with the Yoast SEO plugin v27.5 - https:\/\/yoast.com\/product\/yoast-seo-wordpress\/ -->\n<title>\u25b7 Les 12 noves mesures en mat\u00e8ria d&#039;habitatge del Govern d&#039;Espanya - Fincas Olivares<\/title>\n<meta name=\"robots\" content=\"index, follow, max-snippet:-1, max-image-preview:large, max-video-preview:-1\" \/>\n<link rel=\"canonical\" href=\"https:\/\/www.fincasolivares.com\/ca\/les-12-noves-mesures-en-materia-dhabitatge-del-govern-despanya\/\" \/>\n<meta property=\"og:locale\" content=\"ca_ES\" \/>\n<meta property=\"og:type\" content=\"article\" \/>\n<meta property=\"og:title\" content=\"\u25b7 Les 12 noves mesures en mat\u00e8ria d&#039;habitatge del Govern d&#039;Espanya - Fincas Olivares\" \/>\n<meta property=\"og:description\" content=\"1- Cessi\u00f3 d&#8217;immobles i s\u00f2l a la nova Empresa P\u00fablica d&#8217;Habitatge L\u2019Administraci\u00f3 General de l&#8217;Estat (AGE) ha transferit m\u00e9s de 3.300 habitatges i gaireb\u00e9 2 milions de m\u00b2 de s\u00f2l residencial per construir allotjaments socials de lloguer assequible destinats als joves. A m\u00e9s, s\u2019inclouran 13.000 habitatges provinents de la SAREB durant el primer semestre del [&hellip;]\" \/>\n<meta property=\"og:url\" content=\"https:\/\/www.fincasolivares.com\/ca\/les-12-noves-mesures-en-materia-dhabitatge-del-govern-despanya\/\" \/>\n<meta property=\"og:site_name\" content=\"Fincas Olivares\" \/>\n<meta property=\"article:publisher\" content=\"https:\/\/www.facebook.com\/FincasOlivares\" \/>\n<meta property=\"article:published_time\" content=\"2025-02-13T08:00:00+00:00\" \/>\n<meta property=\"article:modified_time\" content=\"2025-02-17T17:41:55+00:00\" \/>\n<meta property=\"og:image\" content=\"https:\/\/www.fincasolivares.com\/wp-content\/uploads\/2025\/02\/pexels-madbyte-36366.jpg\" \/>\n\t<meta property=\"og:image:width\" content=\"1280\" \/>\n\t<meta property=\"og:image:height\" content=\"720\" \/>\n\t<meta property=\"og:image:type\" content=\"image\/jpeg\" \/>\n<meta name=\"author\" content=\"Content We Play\" \/>\n<meta name=\"twitter:card\" content=\"summary_large_image\" \/>\n<meta name=\"twitter:label1\" content=\"Escrit per\" \/>\n\t<meta name=\"twitter:data1\" content=\"Content We Play\" \/>\n\t<meta name=\"twitter:label2\" content=\"Temps estimat de lectura\" \/>\n\t<meta name=\"twitter:data2\" content=\"3 minuts\" \/>\n<script type=\"application\/ld+json\" class=\"yoast-schema-graph\">{\"@context\":\"https:\\\/\\\/schema.org\",\"@graph\":[{\"@type\":\"Article\",\"@id\":\"https:\\\/\\\/www.fincasolivares.com\\\/ca\\\/les-12-noves-mesures-en-materia-dhabitatge-del-govern-despanya\\\/#article\",\"isPartOf\":{\"@id\":\"https:\\\/\\\/www.fincasolivares.com\\\/ca\\\/les-12-noves-mesures-en-materia-dhabitatge-del-govern-despanya\\\/\"},\"author\":{\"name\":\"Content We Play\",\"@id\":\"https:\\\/\\\/www.fincasolivares.com\\\/ca\\\/#\\\/schema\\\/person\\\/5248996ab05cbb79c6d7d20d1298a561\"},\"headline\":\"Les 12 noves mesures en mat\u00e8ria d&#8217;habitatge del Govern d&#8217;Espanya\",\"datePublished\":\"2025-02-13T08:00:00+00:00\",\"dateModified\":\"2025-02-17T17:41:55+00:00\",\"mainEntityOfPage\":{\"@id\":\"https:\\\/\\\/www.fincasolivares.com\\\/ca\\\/les-12-noves-mesures-en-materia-dhabitatge-del-govern-despanya\\\/\"},\"wordCount\":611,\"publisher\":{\"@id\":\"https:\\\/\\\/www.fincasolivares.com\\\/ca\\\/#organization\"},\"image\":{\"@id\":\"https:\\\/\\\/www.fincasolivares.com\\\/ca\\\/les-12-noves-mesures-en-materia-dhabitatge-del-govern-despanya\\\/#primaryimage\"},\"thumbnailUrl\":\"https:\\\/\\\/www.fincasolivares.com\\\/wp-content\\\/uploads\\\/2025\\\/02\\\/pexels-madbyte-36366.jpg\",\"articleSection\":[\"Blog\"],\"inLanguage\":\"ca\"},{\"@type\":\"WebPage\",\"@id\":\"https:\\\/\\\/www.fincasolivares.com\\\/ca\\\/les-12-noves-mesures-en-materia-dhabitatge-del-govern-despanya\\\/\",\"url\":\"https:\\\/\\\/www.fincasolivares.com\\\/ca\\\/les-12-noves-mesures-en-materia-dhabitatge-del-govern-despanya\\\/\",\"name\":\"\u25b7 Les 12 noves mesures en mat\u00e8ria d'habitatge del Govern d'Espanya - Fincas Olivares\",\"isPartOf\":{\"@id\":\"https:\\\/\\\/www.fincasolivares.com\\\/ca\\\/#website\"},\"primaryImageOfPage\":{\"@id\":\"https:\\\/\\\/www.fincasolivares.com\\\/ca\\\/les-12-noves-mesures-en-materia-dhabitatge-del-govern-despanya\\\/#primaryimage\"},\"image\":{\"@id\":\"https:\\\/\\\/www.fincasolivares.com\\\/ca\\\/les-12-noves-mesures-en-materia-dhabitatge-del-govern-despanya\\\/#primaryimage\"},\"thumbnailUrl\":\"https:\\\/\\\/www.fincasolivares.com\\\/wp-content\\\/uploads\\\/2025\\\/02\\\/pexels-madbyte-36366.jpg\",\"datePublished\":\"2025-02-13T08:00:00+00:00\",\"dateModified\":\"2025-02-17T17:41:55+00:00\",\"breadcrumb\":{\"@id\":\"https:\\\/\\\/www.fincasolivares.com\\\/ca\\\/les-12-noves-mesures-en-materia-dhabitatge-del-govern-despanya\\\/#breadcrumb\"},\"inLanguage\":\"ca\",\"potentialAction\":[{\"@type\":\"ReadAction\",\"target\":[\"https:\\\/\\\/www.fincasolivares.com\\\/ca\\\/les-12-noves-mesures-en-materia-dhabitatge-del-govern-despanya\\\/\"]}]},{\"@type\":\"ImageObject\",\"inLanguage\":\"ca\",\"@id\":\"https:\\\/\\\/www.fincasolivares.com\\\/ca\\\/les-12-noves-mesures-en-materia-dhabitatge-del-govern-despanya\\\/#primaryimage\",\"url\":\"https:\\\/\\\/www.fincasolivares.com\\\/wp-content\\\/uploads\\\/2025\\\/02\\\/pexels-madbyte-36366.jpg\",\"contentUrl\":\"https:\\\/\\\/www.fincasolivares.com\\\/wp-content\\\/uploads\\\/2025\\\/02\\\/pexels-madbyte-36366.jpg\",\"width\":1280,\"height\":720,\"caption\":\"Las 12 nuevas medidas en materia de vivienda del Gobierno de Espa\u00f1a\"},{\"@type\":\"BreadcrumbList\",\"@id\":\"https:\\\/\\\/www.fincasolivares.com\\\/ca\\\/les-12-noves-mesures-en-materia-dhabitatge-del-govern-despanya\\\/#breadcrumb\",\"itemListElement\":[{\"@type\":\"ListItem\",\"position\":1,\"name\":\"Portada\",\"item\":\"https:\\\/\\\/www.fincasolivares.com\\\/ca\\\/\"},{\"@type\":\"ListItem\",\"position\":2,\"name\":\"Les 12 noves mesures en mat\u00e8ria d&#8217;habitatge del Govern d&#8217;Espanya\"}]},{\"@type\":\"WebSite\",\"@id\":\"https:\\\/\\\/www.fincasolivares.com\\\/ca\\\/#website\",\"url\":\"https:\\\/\\\/www.fincasolivares.com\\\/ca\\\/\",\"name\":\"Fincas Olivares\",\"description\":\"Administrador de Fincas en Barcelona\",\"publisher\":{\"@id\":\"https:\\\/\\\/www.fincasolivares.com\\\/ca\\\/#organization\"},\"potentialAction\":[{\"@type\":\"SearchAction\",\"target\":{\"@type\":\"EntryPoint\",\"urlTemplate\":\"https:\\\/\\\/www.fincasolivares.com\\\/ca\\\/?s={search_term_string}\"},\"query-input\":{\"@type\":\"PropertyValueSpecification\",\"valueRequired\":true,\"valueName\":\"search_term_string\"}}],\"inLanguage\":\"ca\"},{\"@type\":\"Organization\",\"@id\":\"https:\\\/\\\/www.fincasolivares.com\\\/ca\\\/#organization\",\"name\":\"Fincas Olivares\",\"url\":\"https:\\\/\\\/www.fincasolivares.com\\\/ca\\\/\",\"logo\":{\"@type\":\"ImageObject\",\"inLanguage\":\"ca\",\"@id\":\"https:\\\/\\\/www.fincasolivares.com\\\/ca\\\/#\\\/schema\\\/logo\\\/image\\\/\",\"url\":\"https:\\\/\\\/www.fincasolivares.com\\\/wp-content\\\/uploads\\\/2021\\\/07\\\/Logo-Olivares-1.png\",\"contentUrl\":\"https:\\\/\\\/www.fincasolivares.com\\\/wp-content\\\/uploads\\\/2021\\\/07\\\/Logo-Olivares-1.png\",\"width\":288,\"height\":288,\"caption\":\"Fincas Olivares\"},\"image\":{\"@id\":\"https:\\\/\\\/www.fincasolivares.com\\\/ca\\\/#\\\/schema\\\/logo\\\/image\\\/\"},\"sameAs\":[\"https:\\\/\\\/www.facebook.com\\\/FincasOlivares\"]},{\"@type\":\"Person\",\"@id\":\"https:\\\/\\\/www.fincasolivares.com\\\/ca\\\/#\\\/schema\\\/person\\\/5248996ab05cbb79c6d7d20d1298a561\",\"name\":\"Content We Play\",\"url\":\"https:\\\/\\\/www.fincasolivares.com\\\/ca\\\/author\\\/content\\\/\"}]}<\/script>\n<!-- \/ Yoast SEO plugin. -->","yoast_head_json":{"title":"\u25b7 Les 12 noves mesures en mat\u00e8ria d'habitatge del Govern d'Espanya - Fincas Olivares","robots":{"index":"index","follow":"follow","max-snippet":"max-snippet:-1","max-image-preview":"max-image-preview:large","max-video-preview":"max-video-preview:-1"},"canonical":"https:\/\/www.fincasolivares.com\/ca\/les-12-noves-mesures-en-materia-dhabitatge-del-govern-despanya\/","og_locale":"ca_ES","og_type":"article","og_title":"\u25b7 Les 12 noves mesures en mat\u00e8ria d'habitatge del Govern d'Espanya - Fincas Olivares","og_description":"1- Cessi\u00f3 d&#8217;immobles i s\u00f2l a la nova Empresa P\u00fablica d&#8217;Habitatge L\u2019Administraci\u00f3 General de l&#8217;Estat (AGE) ha transferit m\u00e9s de 3.300 habitatges i gaireb\u00e9 2 milions de m\u00b2 de s\u00f2l residencial per construir allotjaments socials de lloguer assequible destinats als joves. A m\u00e9s, s\u2019inclouran 13.000 habitatges provinents de la SAREB durant el primer semestre del [&hellip;]","og_url":"https:\/\/www.fincasolivares.com\/ca\/les-12-noves-mesures-en-materia-dhabitatge-del-govern-despanya\/","og_site_name":"Fincas Olivares","article_publisher":"https:\/\/www.facebook.com\/FincasOlivares","article_published_time":"2025-02-13T08:00:00+00:00","article_modified_time":"2025-02-17T17:41:55+00:00","og_image":[{"width":1280,"height":720,"url":"https:\/\/www.fincasolivares.com\/wp-content\/uploads\/2025\/02\/pexels-madbyte-36366.jpg","type":"image\/jpeg"}],"author":"Content We Play","twitter_card":"summary_large_image","twitter_misc":{"Escrit per":"Content We Play","Temps estimat de lectura":"3 minuts"},"schema":{"@context":"https:\/\/schema.org","@graph":[{"@type":"Article","@id":"https:\/\/www.fincasolivares.com\/ca\/les-12-noves-mesures-en-materia-dhabitatge-del-govern-despanya\/#article","isPartOf":{"@id":"https:\/\/www.fincasolivares.com\/ca\/les-12-noves-mesures-en-materia-dhabitatge-del-govern-despanya\/"},"author":{"name":"Content We Play","@id":"https:\/\/www.fincasolivares.com\/ca\/#\/schema\/person\/5248996ab05cbb79c6d7d20d1298a561"},"headline":"Les 12 noves mesures en mat\u00e8ria d&#8217;habitatge del Govern d&#8217;Espanya","datePublished":"2025-02-13T08:00:00+00:00","dateModified":"2025-02-17T17:41:55+00:00","mainEntityOfPage":{"@id":"https:\/\/www.fincasolivares.com\/ca\/les-12-noves-mesures-en-materia-dhabitatge-del-govern-despanya\/"},"wordCount":611,"publisher":{"@id":"https:\/\/www.fincasolivares.com\/ca\/#organization"},"image":{"@id":"https:\/\/www.fincasolivares.com\/ca\/les-12-noves-mesures-en-materia-dhabitatge-del-govern-despanya\/#primaryimage"},"thumbnailUrl":"https:\/\/www.fincasolivares.com\/wp-content\/uploads\/2025\/02\/pexels-madbyte-36366.jpg","articleSection":["Blog"],"inLanguage":"ca"},{"@type":"WebPage","@id":"https:\/\/www.fincasolivares.com\/ca\/les-12-noves-mesures-en-materia-dhabitatge-del-govern-despanya\/","url":"https:\/\/www.fincasolivares.com\/ca\/les-12-noves-mesures-en-materia-dhabitatge-del-govern-despanya\/","name":"\u25b7 Les 12 noves mesures en mat\u00e8ria d'habitatge del Govern d'Espanya - Fincas Olivares","isPartOf":{"@id":"https:\/\/www.fincasolivares.com\/ca\/#website"},"primaryImageOfPage":{"@id":"https:\/\/www.fincasolivares.com\/ca\/les-12-noves-mesures-en-materia-dhabitatge-del-govern-despanya\/#primaryimage"},"image":{"@id":"https:\/\/www.fincasolivares.com\/ca\/les-12-noves-mesures-en-materia-dhabitatge-del-govern-despanya\/#primaryimage"},"thumbnailUrl":"https:\/\/www.fincasolivares.com\/wp-content\/uploads\/2025\/02\/pexels-madbyte-36366.jpg","datePublished":"2025-02-13T08:00:00+00:00","dateModified":"2025-02-17T17:41:55+00:00","breadcrumb":{"@id":"https:\/\/www.fincasolivares.com\/ca\/les-12-noves-mesures-en-materia-dhabitatge-del-govern-despanya\/#breadcrumb"},"inLanguage":"ca","potentialAction":[{"@type":"ReadAction","target":["https:\/\/www.fincasolivares.com\/ca\/les-12-noves-mesures-en-materia-dhabitatge-del-govern-despanya\/"]}]},{"@type":"ImageObject","inLanguage":"ca","@id":"https:\/\/www.fincasolivares.com\/ca\/les-12-noves-mesures-en-materia-dhabitatge-del-govern-despanya\/#primaryimage","url":"https:\/\/www.fincasolivares.com\/wp-content\/uploads\/2025\/02\/pexels-madbyte-36366.jpg","contentUrl":"https:\/\/www.fincasolivares.com\/wp-content\/uploads\/2025\/02\/pexels-madbyte-36366.jpg","width":1280,"height":720,"caption":"Las 12 nuevas medidas en materia de vivienda del Gobierno de Espa\u00f1a"},{"@type":"BreadcrumbList","@id":"https:\/\/www.fincasolivares.com\/ca\/les-12-noves-mesures-en-materia-dhabitatge-del-govern-despanya\/#breadcrumb","itemListElement":[{"@type":"ListItem","position":1,"name":"Portada","item":"https:\/\/www.fincasolivares.com\/ca\/"},{"@type":"ListItem","position":2,"name":"Les 12 noves mesures en mat\u00e8ria d&#8217;habitatge del Govern d&#8217;Espanya"}]},{"@type":"WebSite","@id":"https:\/\/www.fincasolivares.com\/ca\/#website","url":"https:\/\/www.fincasolivares.com\/ca\/","name":"Fincas Olivares","description":"Administrador de Fincas en Barcelona","publisher":{"@id":"https:\/\/www.fincasolivares.com\/ca\/#organization"},"potentialAction":[{"@type":"SearchAction","target":{"@type":"EntryPoint","urlTemplate":"https:\/\/www.fincasolivares.com\/ca\/?s={search_term_string}"},"query-input":{"@type":"PropertyValueSpecification","valueRequired":true,"valueName":"search_term_string"}}],"inLanguage":"ca"},{"@type":"Organization","@id":"https:\/\/www.fincasolivares.com\/ca\/#organization","name":"Fincas Olivares","url":"https:\/\/www.fincasolivares.com\/ca\/","logo":{"@type":"ImageObject","inLanguage":"ca","@id":"https:\/\/www.fincasolivares.com\/ca\/#\/schema\/logo\/image\/","url":"https:\/\/www.fincasolivares.com\/wp-content\/uploads\/2021\/07\/Logo-Olivares-1.png","contentUrl":"https:\/\/www.fincasolivares.com\/wp-content\/uploads\/2021\/07\/Logo-Olivares-1.png","width":288,"height":288,"caption":"Fincas Olivares"},"image":{"@id":"https:\/\/www.fincasolivares.com\/ca\/#\/schema\/logo\/image\/"},"sameAs":["https:\/\/www.facebook.com\/FincasOlivares"]},{"@type":"Person","@id":"https:\/\/www.fincasolivares.com\/ca\/#\/schema\/person\/5248996ab05cbb79c6d7d20d1298a561","name":"Content We Play","url":"https:\/\/www.fincasolivares.com\/ca\/author\/content\/"}]}},"_links":{"self":[{"href":"https:\/\/www.fincasolivares.com\/ca\/wp-json\/wp\/v2\/posts\/348867","targetHints":{"allow":["GET"]}}],"collection":[{"href":"https:\/\/www.fincasolivares.com\/ca\/wp-json\/wp\/v2\/posts"}],"about":[{"href":"https:\/\/www.fincasolivares.com\/ca\/wp-json\/wp\/v2\/types\/post"}],"author":[{"embeddable":true,"href":"https:\/\/www.fincasolivares.com\/ca\/wp-json\/wp\/v2\/users\/7"}],"replies":[{"embeddable":true,"href":"https:\/\/www.fincasolivares.com\/ca\/wp-json\/wp\/v2\/comments?post=348867"}],"version-history":[{"count":1,"href":"https:\/\/www.fincasolivares.com\/ca\/wp-json\/wp\/v2\/posts\/348867\/revisions"}],"predecessor-version":[{"id":348868,"href":"https:\/\/www.fincasolivares.com\/ca\/wp-json\/wp\/v2\/posts\/348867\/revisions\/348868"}],"wp:featuredmedia":[{"embeddable":true,"href":"https:\/\/www.fincasolivares.com\/ca\/wp-json\/wp\/v2\/media\/348854"}],"wp:attachment":[{"href":"https:\/\/www.fincasolivares.com\/ca\/wp-json\/wp\/v2\/media?parent=348867"}],"wp:term":[{"taxonomy":"category","embeddable":true,"href":"https:\/\/www.fincasolivares.com\/ca\/wp-json\/wp\/v2\/categories?post=348867"},{"taxonomy":"post_tag","embeddable":true,"href":"https:\/\/www.fincasolivares.com\/ca\/wp-json\/wp\/v2\/tags?post=348867"}],"curies":[{"name":"wp","href":"https:\/\/api.w.org\/{rel}","templated":true}]}}