{"id":348774,"date":"2024-10-24T20:52:08","date_gmt":"2024-10-24T18:52:08","guid":{"rendered":"https:\/\/www.fincasolivares.com\/?p=348774"},"modified":"2024-10-24T20:52:11","modified_gmt":"2024-10-24T18:52:11","slug":"auge-de-les-plaques-solars-a-les-vivendes","status":"publish","type":"post","link":"https:\/\/www.fincasolivares.com\/ca\/auge-de-les-plaques-solars-a-les-vivendes\/","title":{"rendered":"Auge de les plaques solars a les vivendes"},"content":{"rendered":"\n<p>L&#8217;auge de les plaques solars a les vivendes espanyoles \u00e9s una realitat. Som el pa\u00eds del sol i cada vegada s\u00f3n m\u00e9s els usuaris que es plantegen invertir en l&#8217;energia fotovoltaica, per reduir la depend\u00e8ncia de les companyies el\u00e8ctriques, migrar cap a un sistema m\u00e9s sostenible i pagar menys de llum. Per\u00f2, qu\u00e8 diuen les dades?<\/p>\n\n\n\n<p><strong>L&#8217;auge de les plaques solars en dades a Espanya<\/strong><\/p>\n\n\n\n<p>Si fem una ullada a les dades de la instal\u00b7laci\u00f3 de plaques solars al nostre pa\u00eds, veiem que el 5% dels propietaris espanyols han instal\u00b7lat plaques solars a les seves vivendes. Principalment en vivendes unifamiliars.<\/p>\n\n\n\n<p>D&#8217;altra banda, s&#8217;estima que hi ha un 17% d&#8217;usuaris interessats en la instal\u00b7laci\u00f3 de plaques solars, una cosa que podrien fer en qualsevol moment.<\/p>\n\n\n\n<p>La pitjor dada possible \u00e9s que, segons les estad\u00edstiques, el 78% dels propietaris de vivendes a Espanya no estan interessats en instal\u00b7lar plaques solars. Tot sembla indicar que aix\u00f2 es pot deure a la manca d&#8217;informaci\u00f3. De fet, sembla que nom\u00e9s el 19% dels propietaris es consideren ben informats sobre l&#8217;energia solar.<\/p>\n\n\n\n<p>La manca de coneixement en aquest camp podria ser un obstacle per retardar l&#8217;expansi\u00f3 de l&#8217;autoconsum solar. Tamb\u00e9 \u00e9s cert que la difer\u00e8ncia en el nivell d&#8217;inter\u00e8s varia segons el tipus d&#8217;habitatge.<\/p>\n\n\n\n<p>Per exemple, sembla que els propietaris de vivendes unifamiliars estan m\u00e9s interessats a instal\u00b7lar plaques fotovoltaiques que els propietaris de pisos, potser en part perqu\u00e8 \u00e9s un tema que ha d&#8217;aprovar la comunitat de ve\u00efns, i no dep\u00e8n nom\u00e9s d&#8217;un propietari en q\u00fcesti\u00f3.<\/p>\n\n\n\n<p><strong>El desconeixement pot retardar el salt cap a l&#8217;adopci\u00f3 de les plaques solars<\/strong><\/p>\n\n\n\n<p>Tot sembla indicar que els ciutadans no tenen molta informaci\u00f3 sobre l&#8217;energia solar. \u00c9s a dir, sembla que desconeixen l&#8217;important estalvi econ\u00f2mic en la factura de la llum o les subvencions i ajudes disponibles per a la seva instal\u00b7laci\u00f3. S\u00f3n dades importants, tenint en compte que parlem de desgravacions a l&#8217;IRPF i reduccions en l&#8217;IBI, cosa que pot suposar un bon estalvi.<\/p>\n\n\n\n<p><strong>Per qu\u00e8 els propietaris valoren instal\u00b7lar plaques solars?<\/strong><\/p>\n\n\n\n<p>Tot i que alguns propietaris encara no han fet el salt cap a l&#8217;energia fotovoltaica per manca d&#8217;informaci\u00f3, hi ha altres perfils que s\u00ed que han optat per aquesta instal\u00b7laci\u00f3 als seus terrats. Quins s\u00f3n els motius? Diversos.<\/p>\n\n\n\n<p>El motiu principal sembla ser l&#8217;estalvi econ\u00f2mic en la factura. Al final, \u00e9s una inversi\u00f3 per pagar menys de llum.<\/p>\n\n\n\n<p>A part de l&#8217;estalvi, el seg\u00fcent motiu \u00e9s la reducci\u00f3 del consum energ\u00e8tic, acompanyat de la sostenibilitat i la independ\u00e8ncia energ\u00e8tica. Al invertir en energia solar, et tornes menys dependent del mercat i dels prove\u00efdors d&#8217;energia, per la qual cosa podr\u00e0s ser lliure, estalviar i contribuir a tenir cura del planeta.<\/p>\n\n\n\n<p><strong>A quins obstacles s&#8217;enfronten els usuaris que es plantegen instal\u00b7lar plaques solars?<\/strong><\/p>\n\n\n\n<p>Principalment, hi ha una s\u00e8rie d&#8217;obstacles, com la inversi\u00f3 inicial i la complexitat de la instal\u00b7laci\u00f3 en alguns casos, com pot ser en els edificis on no tots els propietaris estan d&#8217;acord amb la inversi\u00f3.<\/p>\n\n\n\n<p>Tot i que el preu d&#8217;instal\u00b7lar plaques s&#8217;ha vist redu\u00eft, continua sent una gran inversi\u00f3 i no tothom s&#8217;ho pot permetre. El que est\u00e0 clar \u00e9s que, a mesura que passen els anys, creix l&#8217;inter\u00e8s general de la poblaci\u00f3 per l&#8217;energia solar, per\u00f2 encara queda un llarg cam\u00ed per rec\u00f3rrer.<\/p>\n\n\n\n<p>Qu\u00e8 en penses d&#8217;aquestes dades? Creus que s&#8217;han estancat o que tornaran a emergir amb for\u00e7a? No tenim cap dubte que l&#8217;energia solar \u00e9s una opci\u00f3 atractiva i \u00e9s q\u00fcesti\u00f3 de temps que la veiem en m\u00e9s llars espanyoles, per a un futur m\u00e9s sostenible.<\/p>\n","protected":false},"excerpt":{"rendered":"<p>L&#8217;auge de les plaques solars a les vivendes espanyoles \u00e9s una realitat. Som el pa\u00eds del sol i cada vegada s\u00f3n m\u00e9s els usuaris que es plantegen invertir en l&#8217;energia fotovoltaica, per reduir la depend\u00e8ncia de les companyies el\u00e8ctriques, migrar cap a un sistema m\u00e9s sostenible i pagar menys de llum. Per\u00f2, qu\u00e8 diuen les [&hellip;]<\/p>\n","protected":false},"author":4,"featured_media":348754,"comment_status":"closed","ping_status":"closed","sticky":false,"template":"","format":"standard","meta":{"_et_pb_use_builder":"off","_et_pb_old_content":"","_et_gb_content_width":"","_joinchat":[],"footnotes":""},"categories":[50],"tags":[],"class_list":["post-348774","post","type-post","status-publish","format-standard","has-post-thumbnail","hentry","category-blog-ca"],"yoast_head":"<!-- This site is optimized with the Yoast SEO plugin v27.5 - https:\/\/yoast.com\/product\/yoast-seo-wordpress\/ -->\n<title>\u25b7 Auge de les plaques solars a les vivendes - Fincas Olivares<\/title>\n<meta name=\"robots\" content=\"index, follow, max-snippet:-1, max-image-preview:large, max-video-preview:-1\" \/>\n<link rel=\"canonical\" href=\"https:\/\/www.fincasolivares.com\/ca\/auge-de-les-plaques-solars-a-les-vivendes\/\" \/>\n<meta property=\"og:locale\" content=\"ca_ES\" \/>\n<meta property=\"og:type\" content=\"article\" \/>\n<meta property=\"og:title\" content=\"\u25b7 Auge de les plaques solars a les vivendes - Fincas Olivares\" \/>\n<meta property=\"og:description\" content=\"L&#8217;auge de les plaques solars a les vivendes espanyoles \u00e9s una realitat. Som el pa\u00eds del sol i cada vegada s\u00f3n m\u00e9s els usuaris que es plantegen invertir en l&#8217;energia fotovoltaica, per reduir la depend\u00e8ncia de les companyies el\u00e8ctriques, migrar cap a un sistema m\u00e9s sostenible i pagar menys de llum. Per\u00f2, qu\u00e8 diuen les [&hellip;]\" \/>\n<meta property=\"og:url\" content=\"https:\/\/www.fincasolivares.com\/ca\/auge-de-les-plaques-solars-a-les-vivendes\/\" \/>\n<meta property=\"og:site_name\" content=\"Fincas Olivares\" \/>\n<meta property=\"article:publisher\" content=\"https:\/\/www.facebook.com\/FincasOlivares\" \/>\n<meta property=\"article:published_time\" content=\"2024-10-24T18:52:08+00:00\" \/>\n<meta property=\"article:modified_time\" content=\"2024-10-24T18:52:11+00:00\" \/>\n<meta property=\"og:image\" content=\"https:\/\/www.fincasolivares.com\/wp-content\/uploads\/2024\/09\/Auge-de-las-placas-solares-en-las-viviendas.jpg\" \/>\n\t<meta property=\"og:image:width\" content=\"1280\" \/>\n\t<meta property=\"og:image:height\" content=\"720\" \/>\n\t<meta property=\"og:image:type\" content=\"image\/jpeg\" \/>\n<meta name=\"author\" content=\"We Play Digital\" \/>\n<meta name=\"twitter:card\" content=\"summary_large_image\" \/>\n<meta name=\"twitter:label1\" content=\"Escrit per\" \/>\n\t<meta name=\"twitter:data1\" content=\"We Play Digital\" \/>\n\t<meta name=\"twitter:label2\" content=\"Temps estimat de lectura\" \/>\n\t<meta name=\"twitter:data2\" content=\"3 minuts\" \/>\n<script type=\"application\/ld+json\" class=\"yoast-schema-graph\">{\"@context\":\"https:\\\/\\\/schema.org\",\"@graph\":[{\"@type\":\"Article\",\"@id\":\"https:\\\/\\\/www.fincasolivares.com\\\/ca\\\/auge-de-les-plaques-solars-a-les-vivendes\\\/#article\",\"isPartOf\":{\"@id\":\"https:\\\/\\\/www.fincasolivares.com\\\/ca\\\/auge-de-les-plaques-solars-a-les-vivendes\\\/\"},\"author\":{\"name\":\"We Play Digital\",\"@id\":\"https:\\\/\\\/www.fincasolivares.com\\\/ca\\\/#\\\/schema\\\/person\\\/8a040d72ef3fe45689875fcf7036bfe7\"},\"headline\":\"Auge de les plaques solars a les vivendes\",\"datePublished\":\"2024-10-24T18:52:08+00:00\",\"dateModified\":\"2024-10-24T18:52:11+00:00\",\"mainEntityOfPage\":{\"@id\":\"https:\\\/\\\/www.fincasolivares.com\\\/ca\\\/auge-de-les-plaques-solars-a-les-vivendes\\\/\"},\"wordCount\":669,\"publisher\":{\"@id\":\"https:\\\/\\\/www.fincasolivares.com\\\/ca\\\/#organization\"},\"image\":{\"@id\":\"https:\\\/\\\/www.fincasolivares.com\\\/ca\\\/auge-de-les-plaques-solars-a-les-vivendes\\\/#primaryimage\"},\"thumbnailUrl\":\"https:\\\/\\\/www.fincasolivares.com\\\/wp-content\\\/uploads\\\/2024\\\/09\\\/Auge-de-las-placas-solares-en-las-viviendas.jpg\",\"articleSection\":[\"Blog\"],\"inLanguage\":\"ca\"},{\"@type\":\"WebPage\",\"@id\":\"https:\\\/\\\/www.fincasolivares.com\\\/ca\\\/auge-de-les-plaques-solars-a-les-vivendes\\\/\",\"url\":\"https:\\\/\\\/www.fincasolivares.com\\\/ca\\\/auge-de-les-plaques-solars-a-les-vivendes\\\/\",\"name\":\"\u25b7 Auge de les plaques solars a les vivendes - Fincas Olivares\",\"isPartOf\":{\"@id\":\"https:\\\/\\\/www.fincasolivares.com\\\/ca\\\/#website\"},\"primaryImageOfPage\":{\"@id\":\"https:\\\/\\\/www.fincasolivares.com\\\/ca\\\/auge-de-les-plaques-solars-a-les-vivendes\\\/#primaryimage\"},\"image\":{\"@id\":\"https:\\\/\\\/www.fincasolivares.com\\\/ca\\\/auge-de-les-plaques-solars-a-les-vivendes\\\/#primaryimage\"},\"thumbnailUrl\":\"https:\\\/\\\/www.fincasolivares.com\\\/wp-content\\\/uploads\\\/2024\\\/09\\\/Auge-de-las-placas-solares-en-las-viviendas.jpg\",\"datePublished\":\"2024-10-24T18:52:08+00:00\",\"dateModified\":\"2024-10-24T18:52:11+00:00\",\"breadcrumb\":{\"@id\":\"https:\\\/\\\/www.fincasolivares.com\\\/ca\\\/auge-de-les-plaques-solars-a-les-vivendes\\\/#breadcrumb\"},\"inLanguage\":\"ca\",\"potentialAction\":[{\"@type\":\"ReadAction\",\"target\":[\"https:\\\/\\\/www.fincasolivares.com\\\/ca\\\/auge-de-les-plaques-solars-a-les-vivendes\\\/\"]}]},{\"@type\":\"ImageObject\",\"inLanguage\":\"ca\",\"@id\":\"https:\\\/\\\/www.fincasolivares.com\\\/ca\\\/auge-de-les-plaques-solars-a-les-vivendes\\\/#primaryimage\",\"url\":\"https:\\\/\\\/www.fincasolivares.com\\\/wp-content\\\/uploads\\\/2024\\\/09\\\/Auge-de-las-placas-solares-en-las-viviendas.jpg\",\"contentUrl\":\"https:\\\/\\\/www.fincasolivares.com\\\/wp-content\\\/uploads\\\/2024\\\/09\\\/Auge-de-las-placas-solares-en-las-viviendas.jpg\",\"width\":1280,\"height\":720,\"caption\":\"Auge de las placas solares en las viviendas\"},{\"@type\":\"BreadcrumbList\",\"@id\":\"https:\\\/\\\/www.fincasolivares.com\\\/ca\\\/auge-de-les-plaques-solars-a-les-vivendes\\\/#breadcrumb\",\"itemListElement\":[{\"@type\":\"ListItem\",\"position\":1,\"name\":\"Portada\",\"item\":\"https:\\\/\\\/www.fincasolivares.com\\\/ca\\\/\"},{\"@type\":\"ListItem\",\"position\":2,\"name\":\"Auge de les plaques solars a les vivendes\"}]},{\"@type\":\"WebSite\",\"@id\":\"https:\\\/\\\/www.fincasolivares.com\\\/ca\\\/#website\",\"url\":\"https:\\\/\\\/www.fincasolivares.com\\\/ca\\\/\",\"name\":\"Fincas Olivares\",\"description\":\"Administrador de Fincas en Barcelona\",\"publisher\":{\"@id\":\"https:\\\/\\\/www.fincasolivares.com\\\/ca\\\/#organization\"},\"potentialAction\":[{\"@type\":\"SearchAction\",\"target\":{\"@type\":\"EntryPoint\",\"urlTemplate\":\"https:\\\/\\\/www.fincasolivares.com\\\/ca\\\/?s={search_term_string}\"},\"query-input\":{\"@type\":\"PropertyValueSpecification\",\"valueRequired\":true,\"valueName\":\"search_term_string\"}}],\"inLanguage\":\"ca\"},{\"@type\":\"Organization\",\"@id\":\"https:\\\/\\\/www.fincasolivares.com\\\/ca\\\/#organization\",\"name\":\"Fincas Olivares\",\"url\":\"https:\\\/\\\/www.fincasolivares.com\\\/ca\\\/\",\"logo\":{\"@type\":\"ImageObject\",\"inLanguage\":\"ca\",\"@id\":\"https:\\\/\\\/www.fincasolivares.com\\\/ca\\\/#\\\/schema\\\/logo\\\/image\\\/\",\"url\":\"https:\\\/\\\/www.fincasolivares.com\\\/wp-content\\\/uploads\\\/2021\\\/07\\\/Logo-Olivares-1.png\",\"contentUrl\":\"https:\\\/\\\/www.fincasolivares.com\\\/wp-content\\\/uploads\\\/2021\\\/07\\\/Logo-Olivares-1.png\",\"width\":288,\"height\":288,\"caption\":\"Fincas Olivares\"},\"image\":{\"@id\":\"https:\\\/\\\/www.fincasolivares.com\\\/ca\\\/#\\\/schema\\\/logo\\\/image\\\/\"},\"sameAs\":[\"https:\\\/\\\/www.facebook.com\\\/FincasOlivares\"]},{\"@type\":\"Person\",\"@id\":\"https:\\\/\\\/www.fincasolivares.com\\\/ca\\\/#\\\/schema\\\/person\\\/8a040d72ef3fe45689875fcf7036bfe7\",\"name\":\"We Play Digital\",\"url\":\"https:\\\/\\\/www.fincasolivares.com\\\/ca\\\/author\\\/we-play-digital\\\/\"}]}<\/script>\n<!-- \/ Yoast SEO plugin. -->","yoast_head_json":{"title":"\u25b7 Auge de les plaques solars a les vivendes - Fincas Olivares","robots":{"index":"index","follow":"follow","max-snippet":"max-snippet:-1","max-image-preview":"max-image-preview:large","max-video-preview":"max-video-preview:-1"},"canonical":"https:\/\/www.fincasolivares.com\/ca\/auge-de-les-plaques-solars-a-les-vivendes\/","og_locale":"ca_ES","og_type":"article","og_title":"\u25b7 Auge de les plaques solars a les vivendes - Fincas Olivares","og_description":"L&#8217;auge de les plaques solars a les vivendes espanyoles \u00e9s una realitat. Som el pa\u00eds del sol i cada vegada s\u00f3n m\u00e9s els usuaris que es plantegen invertir en l&#8217;energia fotovoltaica, per reduir la depend\u00e8ncia de les companyies el\u00e8ctriques, migrar cap a un sistema m\u00e9s sostenible i pagar menys de llum. Per\u00f2, qu\u00e8 diuen les [&hellip;]","og_url":"https:\/\/www.fincasolivares.com\/ca\/auge-de-les-plaques-solars-a-les-vivendes\/","og_site_name":"Fincas Olivares","article_publisher":"https:\/\/www.facebook.com\/FincasOlivares","article_published_time":"2024-10-24T18:52:08+00:00","article_modified_time":"2024-10-24T18:52:11+00:00","og_image":[{"width":1280,"height":720,"url":"https:\/\/www.fincasolivares.com\/wp-content\/uploads\/2024\/09\/Auge-de-las-placas-solares-en-las-viviendas.jpg","type":"image\/jpeg"}],"author":"We Play Digital","twitter_card":"summary_large_image","twitter_misc":{"Escrit per":"We Play Digital","Temps estimat de lectura":"3 minuts"},"schema":{"@context":"https:\/\/schema.org","@graph":[{"@type":"Article","@id":"https:\/\/www.fincasolivares.com\/ca\/auge-de-les-plaques-solars-a-les-vivendes\/#article","isPartOf":{"@id":"https:\/\/www.fincasolivares.com\/ca\/auge-de-les-plaques-solars-a-les-vivendes\/"},"author":{"name":"We Play Digital","@id":"https:\/\/www.fincasolivares.com\/ca\/#\/schema\/person\/8a040d72ef3fe45689875fcf7036bfe7"},"headline":"Auge de les plaques solars a les vivendes","datePublished":"2024-10-24T18:52:08+00:00","dateModified":"2024-10-24T18:52:11+00:00","mainEntityOfPage":{"@id":"https:\/\/www.fincasolivares.com\/ca\/auge-de-les-plaques-solars-a-les-vivendes\/"},"wordCount":669,"publisher":{"@id":"https:\/\/www.fincasolivares.com\/ca\/#organization"},"image":{"@id":"https:\/\/www.fincasolivares.com\/ca\/auge-de-les-plaques-solars-a-les-vivendes\/#primaryimage"},"thumbnailUrl":"https:\/\/www.fincasolivares.com\/wp-content\/uploads\/2024\/09\/Auge-de-las-placas-solares-en-las-viviendas.jpg","articleSection":["Blog"],"inLanguage":"ca"},{"@type":"WebPage","@id":"https:\/\/www.fincasolivares.com\/ca\/auge-de-les-plaques-solars-a-les-vivendes\/","url":"https:\/\/www.fincasolivares.com\/ca\/auge-de-les-plaques-solars-a-les-vivendes\/","name":"\u25b7 Auge de les plaques solars a les vivendes - Fincas Olivares","isPartOf":{"@id":"https:\/\/www.fincasolivares.com\/ca\/#website"},"primaryImageOfPage":{"@id":"https:\/\/www.fincasolivares.com\/ca\/auge-de-les-plaques-solars-a-les-vivendes\/#primaryimage"},"image":{"@id":"https:\/\/www.fincasolivares.com\/ca\/auge-de-les-plaques-solars-a-les-vivendes\/#primaryimage"},"thumbnailUrl":"https:\/\/www.fincasolivares.com\/wp-content\/uploads\/2024\/09\/Auge-de-las-placas-solares-en-las-viviendas.jpg","datePublished":"2024-10-24T18:52:08+00:00","dateModified":"2024-10-24T18:52:11+00:00","breadcrumb":{"@id":"https:\/\/www.fincasolivares.com\/ca\/auge-de-les-plaques-solars-a-les-vivendes\/#breadcrumb"},"inLanguage":"ca","potentialAction":[{"@type":"ReadAction","target":["https:\/\/www.fincasolivares.com\/ca\/auge-de-les-plaques-solars-a-les-vivendes\/"]}]},{"@type":"ImageObject","inLanguage":"ca","@id":"https:\/\/www.fincasolivares.com\/ca\/auge-de-les-plaques-solars-a-les-vivendes\/#primaryimage","url":"https:\/\/www.fincasolivares.com\/wp-content\/uploads\/2024\/09\/Auge-de-las-placas-solares-en-las-viviendas.jpg","contentUrl":"https:\/\/www.fincasolivares.com\/wp-content\/uploads\/2024\/09\/Auge-de-las-placas-solares-en-las-viviendas.jpg","width":1280,"height":720,"caption":"Auge de las placas solares en las viviendas"},{"@type":"BreadcrumbList","@id":"https:\/\/www.fincasolivares.com\/ca\/auge-de-les-plaques-solars-a-les-vivendes\/#breadcrumb","itemListElement":[{"@type":"ListItem","position":1,"name":"Portada","item":"https:\/\/www.fincasolivares.com\/ca\/"},{"@type":"ListItem","position":2,"name":"Auge de les plaques solars a les vivendes"}]},{"@type":"WebSite","@id":"https:\/\/www.fincasolivares.com\/ca\/#website","url":"https:\/\/www.fincasolivares.com\/ca\/","name":"Fincas Olivares","description":"Administrador de Fincas en Barcelona","publisher":{"@id":"https:\/\/www.fincasolivares.com\/ca\/#organization"},"potentialAction":[{"@type":"SearchAction","target":{"@type":"EntryPoint","urlTemplate":"https:\/\/www.fincasolivares.com\/ca\/?s={search_term_string}"},"query-input":{"@type":"PropertyValueSpecification","valueRequired":true,"valueName":"search_term_string"}}],"inLanguage":"ca"},{"@type":"Organization","@id":"https:\/\/www.fincasolivares.com\/ca\/#organization","name":"Fincas Olivares","url":"https:\/\/www.fincasolivares.com\/ca\/","logo":{"@type":"ImageObject","inLanguage":"ca","@id":"https:\/\/www.fincasolivares.com\/ca\/#\/schema\/logo\/image\/","url":"https:\/\/www.fincasolivares.com\/wp-content\/uploads\/2021\/07\/Logo-Olivares-1.png","contentUrl":"https:\/\/www.fincasolivares.com\/wp-content\/uploads\/2021\/07\/Logo-Olivares-1.png","width":288,"height":288,"caption":"Fincas Olivares"},"image":{"@id":"https:\/\/www.fincasolivares.com\/ca\/#\/schema\/logo\/image\/"},"sameAs":["https:\/\/www.facebook.com\/FincasOlivares"]},{"@type":"Person","@id":"https:\/\/www.fincasolivares.com\/ca\/#\/schema\/person\/8a040d72ef3fe45689875fcf7036bfe7","name":"We Play Digital","url":"https:\/\/www.fincasolivares.com\/ca\/author\/we-play-digital\/"}]}},"_links":{"self":[{"href":"https:\/\/www.fincasolivares.com\/ca\/wp-json\/wp\/v2\/posts\/348774","targetHints":{"allow":["GET"]}}],"collection":[{"href":"https:\/\/www.fincasolivares.com\/ca\/wp-json\/wp\/v2\/posts"}],"about":[{"href":"https:\/\/www.fincasolivares.com\/ca\/wp-json\/wp\/v2\/types\/post"}],"author":[{"embeddable":true,"href":"https:\/\/www.fincasolivares.com\/ca\/wp-json\/wp\/v2\/users\/4"}],"replies":[{"embeddable":true,"href":"https:\/\/www.fincasolivares.com\/ca\/wp-json\/wp\/v2\/comments?post=348774"}],"version-history":[{"count":1,"href":"https:\/\/www.fincasolivares.com\/ca\/wp-json\/wp\/v2\/posts\/348774\/revisions"}],"predecessor-version":[{"id":348775,"href":"https:\/\/www.fincasolivares.com\/ca\/wp-json\/wp\/v2\/posts\/348774\/revisions\/348775"}],"wp:featuredmedia":[{"embeddable":true,"href":"https:\/\/www.fincasolivares.com\/ca\/wp-json\/wp\/v2\/media\/348754"}],"wp:attachment":[{"href":"https:\/\/www.fincasolivares.com\/ca\/wp-json\/wp\/v2\/media?parent=348774"}],"wp:term":[{"taxonomy":"category","embeddable":true,"href":"https:\/\/www.fincasolivares.com\/ca\/wp-json\/wp\/v2\/categories?post=348774"},{"taxonomy":"post_tag","embeddable":true,"href":"https:\/\/www.fincasolivares.com\/ca\/wp-json\/wp\/v2\/tags?post=348774"}],"curies":[{"name":"wp","href":"https:\/\/api.w.org\/{rel}","templated":true}]}}