{"id":348710,"date":"2024-07-25T09:00:00","date_gmt":"2024-07-25T07:00:00","guid":{"rendered":"https:\/\/www.fincasolivares.com\/?p=348710"},"modified":"2024-07-30T10:40:25","modified_gmt":"2024-07-30T08:40:25","slug":"evolucio-del-disseny-arquitectonic","status":"publish","type":"post","link":"https:\/\/www.fincasolivares.com\/ca\/evolucio-del-disseny-arquitectonic\/","title":{"rendered":"Evoluci\u00f3 del disseny arquitect\u00f2nic"},"content":{"rendered":"\n<p>El <strong>disseny arquitect\u00f2nic<\/strong> ha experimentat una evoluci\u00f3 considerable al llarg dels anys. Podriem dir que l&#8217;arquitectura ha passat de ser simplement una soluci\u00f3 pr\u00e0ctica a una expressi\u00f3 art\u00edstica i t\u00e8cnica.<\/p>\n\n\n\n<p>En els seus inicis, l&#8217;arquitectura es constru\u00efa nom\u00e9s per proporcionar refugi, per\u00f2 avui dia es dissenya pensant tamb\u00e9 en el plaer, en una major comoditat i efici\u00e8ncia. Res es deixa al\u00b7leatori; tot t\u00e9 una ra\u00f3 de ser.<\/p>\n\n\n\n<h2 class=\"wp-block-heading\">Com ha evolucionat el disseny arquitect\u00f2nic en els \u00faltims anys?<\/h2>\n\n\n\n<p>Des de les primeres estructures que daten del <strong>7.000<\/strong> a.C. fins a les construccions actuals, l&#8217;arquitectura ha estat estretament vinculada al desenvolupament cultural i tecnol\u00f2gic de les societats.<\/p>\n\n\n\n<p>Des de l&#8217;<strong>antiga Gr\u00e8cia<\/strong>, els estils arquitect\u00f2nics han evolucionat i s&#8217;han adaptat als canvis de la societat. Avui dia, la <strong>funcionalitat i l&#8217;est\u00e8tica<\/strong> continuen sent essencials, per\u00f2 la manera de construir ha avan\u00e7at de manera significativa.<\/p>\n\n\n\n<p>A la segona meitat del segle XX, es van comen\u00e7ar a utilitzar <strong>formes geom\u00e8triques i materials m\u00e9s industrials<\/strong>, introduint un disseny m\u00e9s innovador i no lineal, tot en plena revoluci\u00f3 industrial.<\/p>\n\n\n\n<p>La tecnologia ha jugat un paper crucial en l&#8217;evoluci\u00f3 de l&#8217;arquitectura. La industrialitzaci\u00f3 ha perm\u00e8s la integraci\u00f3 de <strong>noves eines en el proc\u00e9s constructiu<\/strong>, canviant la manera en qu\u00e8 es dissenyen i es construeixen els edificis.<\/p>\n\n\n\n<p>Entre aquestes innovacions destaquem:<\/p>\n\n\n\n<ul class=\"wp-block-list\">\n<li><strong>A\u00e8rogel:<\/strong> conegut com a fum gelat, \u00e9s un material compost aproximadament per un 90% d&#8217;aire. \u00c9s un a\u00efllant t\u00e8rmic excepcional degut a la seva lleugeresa i a les seves propietats.<\/li>\n\n\n\n<li><strong>Formig\u00f3 transl\u00facid:<\/strong> desenvolupat el 2004 per estudiants mexicans, \u00e9s un material lleuger, transparent i amb una resist\u00e8ncia 15 vegades superior a la del formig\u00f3 tradicional.<\/li>\n\n\n\n<li><strong>Modelat d&#8217;Informaci\u00f3 de Construcci\u00f3 (BIM):<\/strong> aquesta tecnologia permet la creaci\u00f3 de models virtuals 3D d&#8217;estructures, facilitant una millor planificaci\u00f3 i col\u00b7laboraci\u00f3 entre els professionals del projecte de construcci\u00f3.<\/li>\n<\/ul>\n\n\n\n<p>Amb el pas dels anys, apareixen noves t\u00e8cniques i formes de construir, aix\u00ed com l&#8217;adopci\u00f3 de materials que s\u00f3n ara en auge, com els m\u00e9s <strong>sostenibles<\/strong> i respectuosos amb el medi ambient.<\/p>\n\n\n\n<h3 class=\"wp-block-heading\">Els materials m\u00e9s sostenibles com a cam\u00ed cap a un disseny arquitect\u00f2nic m\u00e9s ecol\u00f2gic<\/h3>\n\n\n\n<p>En un moment en qu\u00e8 hi ha una major consci\u00e8ncia sobre l&#8217;impacte ambiental, l&#8217;arquitectura est\u00e0 experimentant una <strong>transformaci\u00f3 cap a la sostenibilitat<\/strong>.<\/p>\n\n\n\n<p>Els materials sostenibles s&#8217;estan convertint en un pilar fonamental i ja es veuen en molts projectes per reduir l&#8217;empremta ecol\u00f2gica i promoure la responsabilitat ambiental. La integraci\u00f3 d&#8217;aquests materials est\u00e0 establint nous est\u00e0ndards en el disseny arquitect\u00f2nic.<\/p>\n\n\n\n<p>Per exemple, materials ecol\u00f2gics com el bamb\u00fa, la fusta certificada, el formig\u00f3 ecol\u00f2gic, els maons de terra comprimida, etc., s\u00f3n solucions que es poden adoptar a l&#8217;hora de construir. Aix\u00ed com orientar l&#8217;habitatge cap a la <strong>natura<\/strong>, perqu\u00e8 els usuaris puguin estar m\u00e9s connectats amb els <strong>espais verds<\/strong>.<\/p>\n\n\n\n<p>Tamb\u00e9 en relaci\u00f3 amb les solucions energ\u00e8tiques sostenibles, la construcci\u00f3 d&#8217;<strong>habitatges m\u00e9s eficients energ\u00e8ticament<\/strong>, fins i tot <strong>passius<\/strong>, \u00e9s clarament la tend\u00e8ncia actual.<\/p>\n\n\n\n<h3 class=\"wp-block-heading\">El futur passa per l&#8217;\u00fas de robots?<\/h3>\n\n\n\n<p>Cal tenir en compte que ja existeixen. El robot alba\u00edl, <strong>Hadrian<\/strong>, \u00e9s capa\u00e7 de col\u00b7locar aproximadament uns 1.000 maons per hora, podent construir una casa en nom\u00e9s dos dies. Aix\u00f2 \u00e9s nom\u00e9s el comen\u00e7ament d&#8217;una gran evoluci\u00f3 d&#8217;un sector que no aturar\u00e0 de cr\u00e9ixer gr\u00e0cies a la tecnologia i a la intel\u00b7lig\u00e8ncia artificial.<\/p>\n\n\n\n<p>Qu\u00e8 et sembla? T&#8217;agrada l&#8217;evoluci\u00f3 que est\u00e0 tenint el disseny arquitect\u00f2nic? Aquests avan\u00e7os estan pensats per adaptar-se a les noves demandes dels usuaris, aprofitant totes les possibilitats que ofereix la tecnologia. A Fincas Olivares, ens agrada estar sempre al dia amb les evolucions que afecten tot el nostre sector.<\/p>\n","protected":false},"excerpt":{"rendered":"<p>El disseny arquitect\u00f2nic ha experimentat una evoluci\u00f3 considerable al llarg dels anys. Podriem dir que l&#8217;arquitectura ha passat de ser simplement una soluci\u00f3 pr\u00e0ctica a una expressi\u00f3 art\u00edstica i t\u00e8cnica. En els seus inicis, l&#8217;arquitectura es constru\u00efa nom\u00e9s per proporcionar refugi, per\u00f2 avui dia es dissenya pensant tamb\u00e9 en el plaer, en una major comoditat [&hellip;]<\/p>\n","protected":false},"author":7,"featured_media":348679,"comment_status":"closed","ping_status":"closed","sticky":false,"template":"","format":"standard","meta":{"_et_pb_use_builder":"off","_et_pb_old_content":"","_et_gb_content_width":"","_joinchat":[],"footnotes":""},"categories":[50],"tags":[],"class_list":["post-348710","post","type-post","status-publish","format-standard","has-post-thumbnail","hentry","category-blog-ca"],"yoast_head":"<!-- This site is optimized with the Yoast SEO plugin v27.5 - https:\/\/yoast.com\/product\/yoast-seo-wordpress\/ -->\n<title>Evoluci\u00f3 del disseny arquitect\u00f2nic<\/title>\n<meta name=\"description\" content=\"Analitzem l&#039;evoluci\u00f3 del disseny arquitect\u00f2nic des de la hist\u00f2ria fins avui. Descobreix els materials sostenibles que s&#039;usen.\" \/>\n<meta name=\"robots\" content=\"index, follow, max-snippet:-1, max-image-preview:large, max-video-preview:-1\" \/>\n<link rel=\"canonical\" href=\"https:\/\/www.fincasolivares.com\/ca\/evolucio-del-disseny-arquitectonic\/\" \/>\n<meta property=\"og:locale\" content=\"ca_ES\" \/>\n<meta property=\"og:type\" content=\"article\" \/>\n<meta property=\"og:title\" content=\"Evoluci\u00f3 del disseny arquitect\u00f2nic\" \/>\n<meta property=\"og:description\" content=\"Analitzem l&#039;evoluci\u00f3 del disseny arquitect\u00f2nic des de la hist\u00f2ria fins avui. Descobreix els materials sostenibles que s&#039;usen.\" \/>\n<meta property=\"og:url\" content=\"https:\/\/www.fincasolivares.com\/ca\/evolucio-del-disseny-arquitectonic\/\" \/>\n<meta property=\"og:site_name\" content=\"Fincas Olivares\" \/>\n<meta property=\"article:publisher\" content=\"https:\/\/www.facebook.com\/FincasOlivares\" \/>\n<meta property=\"article:published_time\" content=\"2024-07-25T07:00:00+00:00\" \/>\n<meta property=\"article:modified_time\" content=\"2024-07-30T08:40:25+00:00\" \/>\n<meta property=\"og:image\" content=\"https:\/\/www.fincasolivares.com\/wp-content\/uploads\/2024\/07\/Evolucion-del-diseno-arquitectonico.jpg\" \/>\n\t<meta property=\"og:image:width\" content=\"1280\" \/>\n\t<meta property=\"og:image:height\" content=\"720\" \/>\n\t<meta property=\"og:image:type\" content=\"image\/jpeg\" \/>\n<meta name=\"author\" content=\"Content We Play\" \/>\n<meta name=\"twitter:card\" content=\"summary_large_image\" \/>\n<meta name=\"twitter:label1\" content=\"Escrit per\" \/>\n\t<meta name=\"twitter:data1\" content=\"Content We Play\" \/>\n\t<meta name=\"twitter:label2\" content=\"Temps estimat de lectura\" \/>\n\t<meta name=\"twitter:data2\" content=\"3 minuts\" \/>\n<script type=\"application\/ld+json\" class=\"yoast-schema-graph\">{\"@context\":\"https:\\\/\\\/schema.org\",\"@graph\":[{\"@type\":\"Article\",\"@id\":\"https:\\\/\\\/www.fincasolivares.com\\\/ca\\\/evolucio-del-disseny-arquitectonic\\\/#article\",\"isPartOf\":{\"@id\":\"https:\\\/\\\/www.fincasolivares.com\\\/ca\\\/evolucio-del-disseny-arquitectonic\\\/\"},\"author\":{\"name\":\"Content We Play\",\"@id\":\"https:\\\/\\\/www.fincasolivares.com\\\/ca\\\/#\\\/schema\\\/person\\\/5248996ab05cbb79c6d7d20d1298a561\"},\"headline\":\"Evoluci\u00f3 del disseny arquitect\u00f2nic\",\"datePublished\":\"2024-07-25T07:00:00+00:00\",\"dateModified\":\"2024-07-30T08:40:25+00:00\",\"mainEntityOfPage\":{\"@id\":\"https:\\\/\\\/www.fincasolivares.com\\\/ca\\\/evolucio-del-disseny-arquitectonic\\\/\"},\"wordCount\":662,\"publisher\":{\"@id\":\"https:\\\/\\\/www.fincasolivares.com\\\/ca\\\/#organization\"},\"image\":{\"@id\":\"https:\\\/\\\/www.fincasolivares.com\\\/ca\\\/evolucio-del-disseny-arquitectonic\\\/#primaryimage\"},\"thumbnailUrl\":\"https:\\\/\\\/www.fincasolivares.com\\\/wp-content\\\/uploads\\\/2024\\\/07\\\/Evolucion-del-diseno-arquitectonico.jpg\",\"articleSection\":[\"Blog\"],\"inLanguage\":\"ca\"},{\"@type\":\"WebPage\",\"@id\":\"https:\\\/\\\/www.fincasolivares.com\\\/ca\\\/evolucio-del-disseny-arquitectonic\\\/\",\"url\":\"https:\\\/\\\/www.fincasolivares.com\\\/ca\\\/evolucio-del-disseny-arquitectonic\\\/\",\"name\":\"Evoluci\u00f3 del disseny arquitect\u00f2nic\",\"isPartOf\":{\"@id\":\"https:\\\/\\\/www.fincasolivares.com\\\/ca\\\/#website\"},\"primaryImageOfPage\":{\"@id\":\"https:\\\/\\\/www.fincasolivares.com\\\/ca\\\/evolucio-del-disseny-arquitectonic\\\/#primaryimage\"},\"image\":{\"@id\":\"https:\\\/\\\/www.fincasolivares.com\\\/ca\\\/evolucio-del-disseny-arquitectonic\\\/#primaryimage\"},\"thumbnailUrl\":\"https:\\\/\\\/www.fincasolivares.com\\\/wp-content\\\/uploads\\\/2024\\\/07\\\/Evolucion-del-diseno-arquitectonico.jpg\",\"datePublished\":\"2024-07-25T07:00:00+00:00\",\"dateModified\":\"2024-07-30T08:40:25+00:00\",\"description\":\"Analitzem l'evoluci\u00f3 del disseny arquitect\u00f2nic des de la hist\u00f2ria fins avui. Descobreix els materials sostenibles que s'usen.\",\"breadcrumb\":{\"@id\":\"https:\\\/\\\/www.fincasolivares.com\\\/ca\\\/evolucio-del-disseny-arquitectonic\\\/#breadcrumb\"},\"inLanguage\":\"ca\",\"potentialAction\":[{\"@type\":\"ReadAction\",\"target\":[\"https:\\\/\\\/www.fincasolivares.com\\\/ca\\\/evolucio-del-disseny-arquitectonic\\\/\"]}]},{\"@type\":\"ImageObject\",\"inLanguage\":\"ca\",\"@id\":\"https:\\\/\\\/www.fincasolivares.com\\\/ca\\\/evolucio-del-disseny-arquitectonic\\\/#primaryimage\",\"url\":\"https:\\\/\\\/www.fincasolivares.com\\\/wp-content\\\/uploads\\\/2024\\\/07\\\/Evolucion-del-diseno-arquitectonico.jpg\",\"contentUrl\":\"https:\\\/\\\/www.fincasolivares.com\\\/wp-content\\\/uploads\\\/2024\\\/07\\\/Evolucion-del-diseno-arquitectonico.jpg\",\"width\":1280,\"height\":720,\"caption\":\"Evoluci\u00f3n del dise\u00f1o arquitect\u00f3nico\"},{\"@type\":\"BreadcrumbList\",\"@id\":\"https:\\\/\\\/www.fincasolivares.com\\\/ca\\\/evolucio-del-disseny-arquitectonic\\\/#breadcrumb\",\"itemListElement\":[{\"@type\":\"ListItem\",\"position\":1,\"name\":\"Portada\",\"item\":\"https:\\\/\\\/www.fincasolivares.com\\\/ca\\\/\"},{\"@type\":\"ListItem\",\"position\":2,\"name\":\"Evoluci\u00f3 del disseny arquitect\u00f2nic\"}]},{\"@type\":\"WebSite\",\"@id\":\"https:\\\/\\\/www.fincasolivares.com\\\/ca\\\/#website\",\"url\":\"https:\\\/\\\/www.fincasolivares.com\\\/ca\\\/\",\"name\":\"Fincas Olivares\",\"description\":\"Administrador de Fincas en Barcelona\",\"publisher\":{\"@id\":\"https:\\\/\\\/www.fincasolivares.com\\\/ca\\\/#organization\"},\"potentialAction\":[{\"@type\":\"SearchAction\",\"target\":{\"@type\":\"EntryPoint\",\"urlTemplate\":\"https:\\\/\\\/www.fincasolivares.com\\\/ca\\\/?s={search_term_string}\"},\"query-input\":{\"@type\":\"PropertyValueSpecification\",\"valueRequired\":true,\"valueName\":\"search_term_string\"}}],\"inLanguage\":\"ca\"},{\"@type\":\"Organization\",\"@id\":\"https:\\\/\\\/www.fincasolivares.com\\\/ca\\\/#organization\",\"name\":\"Fincas Olivares\",\"url\":\"https:\\\/\\\/www.fincasolivares.com\\\/ca\\\/\",\"logo\":{\"@type\":\"ImageObject\",\"inLanguage\":\"ca\",\"@id\":\"https:\\\/\\\/www.fincasolivares.com\\\/ca\\\/#\\\/schema\\\/logo\\\/image\\\/\",\"url\":\"https:\\\/\\\/www.fincasolivares.com\\\/wp-content\\\/uploads\\\/2021\\\/07\\\/Logo-Olivares-1.png\",\"contentUrl\":\"https:\\\/\\\/www.fincasolivares.com\\\/wp-content\\\/uploads\\\/2021\\\/07\\\/Logo-Olivares-1.png\",\"width\":288,\"height\":288,\"caption\":\"Fincas Olivares\"},\"image\":{\"@id\":\"https:\\\/\\\/www.fincasolivares.com\\\/ca\\\/#\\\/schema\\\/logo\\\/image\\\/\"},\"sameAs\":[\"https:\\\/\\\/www.facebook.com\\\/FincasOlivares\"]},{\"@type\":\"Person\",\"@id\":\"https:\\\/\\\/www.fincasolivares.com\\\/ca\\\/#\\\/schema\\\/person\\\/5248996ab05cbb79c6d7d20d1298a561\",\"name\":\"Content We Play\",\"url\":\"https:\\\/\\\/www.fincasolivares.com\\\/ca\\\/author\\\/content\\\/\"}]}<\/script>\n<!-- \/ Yoast SEO plugin. -->","yoast_head_json":{"title":"Evoluci\u00f3 del disseny arquitect\u00f2nic","description":"Analitzem l'evoluci\u00f3 del disseny arquitect\u00f2nic des de la hist\u00f2ria fins avui. Descobreix els materials sostenibles que s'usen.","robots":{"index":"index","follow":"follow","max-snippet":"max-snippet:-1","max-image-preview":"max-image-preview:large","max-video-preview":"max-video-preview:-1"},"canonical":"https:\/\/www.fincasolivares.com\/ca\/evolucio-del-disseny-arquitectonic\/","og_locale":"ca_ES","og_type":"article","og_title":"Evoluci\u00f3 del disseny arquitect\u00f2nic","og_description":"Analitzem l'evoluci\u00f3 del disseny arquitect\u00f2nic des de la hist\u00f2ria fins avui. Descobreix els materials sostenibles que s'usen.","og_url":"https:\/\/www.fincasolivares.com\/ca\/evolucio-del-disseny-arquitectonic\/","og_site_name":"Fincas Olivares","article_publisher":"https:\/\/www.facebook.com\/FincasOlivares","article_published_time":"2024-07-25T07:00:00+00:00","article_modified_time":"2024-07-30T08:40:25+00:00","og_image":[{"width":1280,"height":720,"url":"https:\/\/www.fincasolivares.com\/wp-content\/uploads\/2024\/07\/Evolucion-del-diseno-arquitectonico.jpg","type":"image\/jpeg"}],"author":"Content We Play","twitter_card":"summary_large_image","twitter_misc":{"Escrit per":"Content We Play","Temps estimat de lectura":"3 minuts"},"schema":{"@context":"https:\/\/schema.org","@graph":[{"@type":"Article","@id":"https:\/\/www.fincasolivares.com\/ca\/evolucio-del-disseny-arquitectonic\/#article","isPartOf":{"@id":"https:\/\/www.fincasolivares.com\/ca\/evolucio-del-disseny-arquitectonic\/"},"author":{"name":"Content We Play","@id":"https:\/\/www.fincasolivares.com\/ca\/#\/schema\/person\/5248996ab05cbb79c6d7d20d1298a561"},"headline":"Evoluci\u00f3 del disseny arquitect\u00f2nic","datePublished":"2024-07-25T07:00:00+00:00","dateModified":"2024-07-30T08:40:25+00:00","mainEntityOfPage":{"@id":"https:\/\/www.fincasolivares.com\/ca\/evolucio-del-disseny-arquitectonic\/"},"wordCount":662,"publisher":{"@id":"https:\/\/www.fincasolivares.com\/ca\/#organization"},"image":{"@id":"https:\/\/www.fincasolivares.com\/ca\/evolucio-del-disseny-arquitectonic\/#primaryimage"},"thumbnailUrl":"https:\/\/www.fincasolivares.com\/wp-content\/uploads\/2024\/07\/Evolucion-del-diseno-arquitectonico.jpg","articleSection":["Blog"],"inLanguage":"ca"},{"@type":"WebPage","@id":"https:\/\/www.fincasolivares.com\/ca\/evolucio-del-disseny-arquitectonic\/","url":"https:\/\/www.fincasolivares.com\/ca\/evolucio-del-disseny-arquitectonic\/","name":"Evoluci\u00f3 del disseny arquitect\u00f2nic","isPartOf":{"@id":"https:\/\/www.fincasolivares.com\/ca\/#website"},"primaryImageOfPage":{"@id":"https:\/\/www.fincasolivares.com\/ca\/evolucio-del-disseny-arquitectonic\/#primaryimage"},"image":{"@id":"https:\/\/www.fincasolivares.com\/ca\/evolucio-del-disseny-arquitectonic\/#primaryimage"},"thumbnailUrl":"https:\/\/www.fincasolivares.com\/wp-content\/uploads\/2024\/07\/Evolucion-del-diseno-arquitectonico.jpg","datePublished":"2024-07-25T07:00:00+00:00","dateModified":"2024-07-30T08:40:25+00:00","description":"Analitzem l'evoluci\u00f3 del disseny arquitect\u00f2nic des de la hist\u00f2ria fins avui. Descobreix els materials sostenibles que s'usen.","breadcrumb":{"@id":"https:\/\/www.fincasolivares.com\/ca\/evolucio-del-disseny-arquitectonic\/#breadcrumb"},"inLanguage":"ca","potentialAction":[{"@type":"ReadAction","target":["https:\/\/www.fincasolivares.com\/ca\/evolucio-del-disseny-arquitectonic\/"]}]},{"@type":"ImageObject","inLanguage":"ca","@id":"https:\/\/www.fincasolivares.com\/ca\/evolucio-del-disseny-arquitectonic\/#primaryimage","url":"https:\/\/www.fincasolivares.com\/wp-content\/uploads\/2024\/07\/Evolucion-del-diseno-arquitectonico.jpg","contentUrl":"https:\/\/www.fincasolivares.com\/wp-content\/uploads\/2024\/07\/Evolucion-del-diseno-arquitectonico.jpg","width":1280,"height":720,"caption":"Evoluci\u00f3n del dise\u00f1o arquitect\u00f3nico"},{"@type":"BreadcrumbList","@id":"https:\/\/www.fincasolivares.com\/ca\/evolucio-del-disseny-arquitectonic\/#breadcrumb","itemListElement":[{"@type":"ListItem","position":1,"name":"Portada","item":"https:\/\/www.fincasolivares.com\/ca\/"},{"@type":"ListItem","position":2,"name":"Evoluci\u00f3 del disseny arquitect\u00f2nic"}]},{"@type":"WebSite","@id":"https:\/\/www.fincasolivares.com\/ca\/#website","url":"https:\/\/www.fincasolivares.com\/ca\/","name":"Fincas Olivares","description":"Administrador de Fincas en Barcelona","publisher":{"@id":"https:\/\/www.fincasolivares.com\/ca\/#organization"},"potentialAction":[{"@type":"SearchAction","target":{"@type":"EntryPoint","urlTemplate":"https:\/\/www.fincasolivares.com\/ca\/?s={search_term_string}"},"query-input":{"@type":"PropertyValueSpecification","valueRequired":true,"valueName":"search_term_string"}}],"inLanguage":"ca"},{"@type":"Organization","@id":"https:\/\/www.fincasolivares.com\/ca\/#organization","name":"Fincas Olivares","url":"https:\/\/www.fincasolivares.com\/ca\/","logo":{"@type":"ImageObject","inLanguage":"ca","@id":"https:\/\/www.fincasolivares.com\/ca\/#\/schema\/logo\/image\/","url":"https:\/\/www.fincasolivares.com\/wp-content\/uploads\/2021\/07\/Logo-Olivares-1.png","contentUrl":"https:\/\/www.fincasolivares.com\/wp-content\/uploads\/2021\/07\/Logo-Olivares-1.png","width":288,"height":288,"caption":"Fincas Olivares"},"image":{"@id":"https:\/\/www.fincasolivares.com\/ca\/#\/schema\/logo\/image\/"},"sameAs":["https:\/\/www.facebook.com\/FincasOlivares"]},{"@type":"Person","@id":"https:\/\/www.fincasolivares.com\/ca\/#\/schema\/person\/5248996ab05cbb79c6d7d20d1298a561","name":"Content We Play","url":"https:\/\/www.fincasolivares.com\/ca\/author\/content\/"}]}},"_links":{"self":[{"href":"https:\/\/www.fincasolivares.com\/ca\/wp-json\/wp\/v2\/posts\/348710","targetHints":{"allow":["GET"]}}],"collection":[{"href":"https:\/\/www.fincasolivares.com\/ca\/wp-json\/wp\/v2\/posts"}],"about":[{"href":"https:\/\/www.fincasolivares.com\/ca\/wp-json\/wp\/v2\/types\/post"}],"author":[{"embeddable":true,"href":"https:\/\/www.fincasolivares.com\/ca\/wp-json\/wp\/v2\/users\/7"}],"replies":[{"embeddable":true,"href":"https:\/\/www.fincasolivares.com\/ca\/wp-json\/wp\/v2\/comments?post=348710"}],"version-history":[{"count":1,"href":"https:\/\/www.fincasolivares.com\/ca\/wp-json\/wp\/v2\/posts\/348710\/revisions"}],"predecessor-version":[{"id":348712,"href":"https:\/\/www.fincasolivares.com\/ca\/wp-json\/wp\/v2\/posts\/348710\/revisions\/348712"}],"wp:featuredmedia":[{"embeddable":true,"href":"https:\/\/www.fincasolivares.com\/ca\/wp-json\/wp\/v2\/media\/348679"}],"wp:attachment":[{"href":"https:\/\/www.fincasolivares.com\/ca\/wp-json\/wp\/v2\/media?parent=348710"}],"wp:term":[{"taxonomy":"category","embeddable":true,"href":"https:\/\/www.fincasolivares.com\/ca\/wp-json\/wp\/v2\/categories?post=348710"},{"taxonomy":"post_tag","embeddable":true,"href":"https:\/\/www.fincasolivares.com\/ca\/wp-json\/wp\/v2\/tags?post=348710"}],"curies":[{"name":"wp","href":"https:\/\/api.w.org\/{rel}","templated":true}]}}