{"id":348134,"date":"2023-06-22T09:48:10","date_gmt":"2023-06-22T07:48:10","guid":{"rendered":"https:\/\/www.fincasolivares.com\/?p=348134"},"modified":"2023-08-16T10:16:52","modified_gmt":"2023-08-16T08:16:52","slug":"consells-per-a-millorar-el-consum-de-la-teva-llar-a-lestiu-2","status":"publish","type":"post","link":"https:\/\/www.fincasolivares.com\/ca\/consells-per-a-millorar-el-consum-de-la-teva-llar-a-lestiu-2\/","title":{"rendered":"Consells per a millorar el consum de la teva llar a l\u2019estiu"},"content":{"rendered":"\n<p>Amb l\u2019arribada del bon temps cal adaptar el consum a la teva llar per a optimitzar els recursos de qu\u00e8 disposem, reduir despeses i contribuir a un consum responsable de l\u2019energia durant l\u2019estiu.<\/p>\n\n\n\n<p>La cura del mitj\u00e0 \u00e9s fonamental i des de&nbsp;<a href=\"https:\/\/www.fincasolivares.com\/\"><strong>Fincas Olivares<\/strong><\/a>, com a experts en l\u2019administraci\u00f3 i gesti\u00f3 de finques a Barcelona, t\u2019expliquem alguns trucs perqu\u00e8 puguis treure el m\u00e0xim profit aquests mesos.<\/p>\n\n\n\n<h2 class=\"wp-block-heading\">Aposta per un bon a\u00efllament<\/h2>\n\n\n\n<p>Si busques potenciar l\u2019efici\u00e8ncia energ\u00e8tica de la teva llar has de saber que no ho aconseguir\u00e0s si no comptes amb un a\u00efllament efectiu. Per a aix\u00f2, pots optar per assegurar que les portes i finestres del teu habitatge es troben en perfecte estat i, en el cas que no sigui aix\u00ed, substituir-les per altres de qualitat.<\/p>\n\n\n\n<p>Amb les altes temperatures de l\u2019estiu, \u00e9s habitual encendre l\u2019aire condicionat, tanmateix, aix\u00f2 no ser\u00e0 d\u2019utilitat si l\u2019aire fred surt per un mal a\u00efllament.<\/p>\n\n\n\n<h2 class=\"wp-block-heading\">Fes un \u00fas conscient de l\u2019aire condicionat<\/h2>\n\n\n\n<p>Amb la calor l\u2019\u00fas de l\u2019aire condicionat es torna fonamental en el dia a dia. Per\u00f2, l\u2019\u00fas d\u2019aquest aparell suposa una gran despesa tant per a la teva butxaca com per al medi i, fins i tot per a la teva salut.<\/p>\n\n\n\n<p>Cal intentar regular la temperatura i tenir en compte que no totes les estades de l\u2019habitatge necessiten la mateixa temperatura. L\u2019orientaci\u00f3, la llum que rep cada estada o el pis en el qual es trobi poden ser factors determinants.<\/p>\n\n\n\n<h2 class=\"wp-block-heading\">Aprofita les hores de llum solar<\/h2>\n\n\n\n<p>Durant aquesta \u00e8poca de l\u2019any podem gaudir de m\u00e9s hores de llum, encara que \u00e9s cert que durant la franja hor\u00e0ria de m\u00e9s calor es recomana tenir les persianes tancades i evitar que el sol de directe. Una vegada s\u2019ha passat aquesta hora podem obrir i deixar que la llum natural entre per a retardar el m\u00e0xim possible l\u2019\u00fas de les llums artificials.<\/p>\n\n\n\n<h2 class=\"wp-block-heading\">Instal\u00b7la panells solars para millorar el consum a la teva llar durant l\u2019estiu<\/h2>\n\n\n\n<p>Utilitzar fonts d\u2019energia renovables \u00e9s una de les millors alternatives per a realitzar un consum responsable en la nostra llar. Per a aix\u00f2, l\u2019\u00fas de panells solars en els habitatges \u00e9s una de les opcions m\u00e9s recomanades i eficients.<\/p>\n\n\n\n<h2 class=\"wp-block-heading\">\u00das responsable dels electrodom\u00e8stics<\/h2>\n\n\n\n<p>Alguns dels aparells que m\u00e9s consumeixen a les cases s\u00f3n el frigor\u00edfic, la televisi\u00f3, la rentadora o el rentavaixelles. Per aix\u00f2, fer \u00fas de manera intel\u00b7ligent i tenint en compte la seva despesa \u00e9s de gran ajuda.<\/p>\n\n\n\n<p>Segons&nbsp;<a href=\"https:\/\/www.ocu.org\/\"><strong>l\u2019OCU<\/strong><\/a>&nbsp;aix\u00f2 ens pot ajudar en la reducci\u00f3 de la despesa entre un 10% i un 50%. I, si est\u00e0s pensant a canviar algun d\u2019aquests aparells decanta\u2019t per aquells de m\u00e0xima efici\u00e8ncia energ\u00e8tica.<\/p>\n\n\n\n<h2 class=\"wp-block-heading\">Fincas Olivares, com podem ajudar-te a millorar el consum a la teva llar durant l\u2019estiu?<\/h2>\n\n\n\n<p>A Fincas Olivares, experts en&nbsp;<a href=\"https:\/\/www.fincasolivares.com\/ca\/servies\/administracio-de-finques-barcelona\/\"><strong>l\u2019administraci\u00f3 i gesti\u00f3 de finques a Barcelona<\/strong><\/a>, comptem amb el nostre Servei CaRe, gr\u00e0cies a aquest podrem ajudar-te. Despr\u00e9s d\u2019una an\u00e0lisi de la teva situaci\u00f3 en particular oferim les millors alternatives:<\/p>\n\n\n\n<ul class=\"wp-block-list\">\n<li>Millora l\u2019efici\u00e8ncia energ\u00e8tica del teu habitatge.<\/li>\n\n\n\n<li>Seguretat<\/li>\n\n\n\n<li>Mesures antivandalisme<\/li>\n<\/ul>\n\n\n\n<p>No ho dubtis, posa\u2019t en contacte amb els nostres professionals a trav\u00e9s de la nostra web www.fincasolivares.com o telefona\u2019ns al 934 87 22 16.<\/p>\n","protected":false},"excerpt":{"rendered":"<p>Amb l\u2019arribada del bon temps cal adaptar el consum a la teva llar per a optimitzar els recursos de qu\u00e8 disposem, reduir despeses i contribuir a un consum responsable de l\u2019energia durant l\u2019estiu. La cura del mitj\u00e0 \u00e9s fonamental i des de&nbsp;Fincas Olivares, com a experts en l\u2019administraci\u00f3 i gesti\u00f3 de finques a Barcelona, t\u2019expliquem [&hellip;]<\/p>\n","protected":false},"author":4,"featured_media":348035,"comment_status":"closed","ping_status":"closed","sticky":false,"template":"","format":"standard","meta":{"_et_pb_use_builder":"off","_et_pb_old_content":"","_et_gb_content_width":"","_joinchat":[],"footnotes":""},"categories":[],"tags":[],"class_list":["post-348134","post","type-post","status-publish","format-standard","has-post-thumbnail","hentry"],"yoast_head":"<!-- This site is optimized with the Yoast SEO plugin v27.5 - https:\/\/yoast.com\/product\/yoast-seo-wordpress\/ -->\n<title>\u25b7 Consells per a millorar el consum de la teva llar a l\u2019estiu - Fincas Olivares<\/title>\n<meta name=\"description\" content=\"Amb l&#039;arribada del bon temps cal adaptar el consum a la teva llar per a optimitzar els recursos durant l&#039;estiu.\" \/>\n<meta name=\"robots\" content=\"index, follow, max-snippet:-1, max-image-preview:large, max-video-preview:-1\" \/>\n<link rel=\"canonical\" href=\"https:\/\/www.fincasolivares.com\/ca\/consells-per-a-millorar-el-consum-de-la-teva-llar-a-lestiu-2\/\" \/>\n<meta property=\"og:locale\" content=\"ca_ES\" \/>\n<meta property=\"og:type\" content=\"article\" \/>\n<meta property=\"og:title\" content=\"Consells per a millorar el consum de la teva llar a l&#039;estiu\" \/>\n<meta property=\"og:description\" content=\"Amb l&#039;arribada del bon temps cal adaptar el consum a la teva llar per a optimitzar els recursos de qu\u00e8 disposem, reduir despeses i contribuir a un consum responsable de l&#039;energia durant l&#039;estiu.\" \/>\n<meta property=\"og:url\" content=\"https:\/\/www.fincasolivares.com\/ca\/consells-per-a-millorar-el-consum-de-la-teva-llar-a-lestiu-2\/\" \/>\n<meta property=\"og:site_name\" content=\"Fincas Olivares\" \/>\n<meta property=\"article:publisher\" content=\"https:\/\/www.facebook.com\/FincasOlivares\" \/>\n<meta property=\"article:published_time\" content=\"2023-06-22T07:48:10+00:00\" \/>\n<meta property=\"article:modified_time\" content=\"2023-08-16T08:16:52+00:00\" \/>\n<meta property=\"og:image\" content=\"https:\/\/www.fincasolivares.com\/wp-content\/uploads\/2023\/06\/artolivaresjunio3.jpg\" \/>\n\t<meta property=\"og:image:width\" content=\"975\" \/>\n\t<meta property=\"og:image:height\" content=\"725\" \/>\n\t<meta property=\"og:image:type\" content=\"image\/jpeg\" \/>\n<meta name=\"author\" content=\"We Play Digital\" \/>\n<meta name=\"twitter:card\" content=\"summary_large_image\" \/>\n<meta name=\"twitter:title\" content=\"Consells per a millorar el consum de la teva llar a l&#039;estiu\" \/>\n<meta name=\"twitter:description\" content=\"Amb l&#039;arribada del bon temps cal adaptar el consum a la teva llar per a optimitzar els recursos de qu\u00e8 disposem, reduir despeses i contribuir a un consum responsable de l&#039;energia durant l&#039;estiu.\" \/>\n<meta name=\"twitter:image\" content=\"https:\/\/www.fincasolivares.com\/wp-content\/uploads\/2023\/06\/artolivaresjunio3.jpg\" \/>\n<meta name=\"twitter:label1\" content=\"Escrit per\" \/>\n\t<meta name=\"twitter:data1\" content=\"We Play Digital\" \/>\n\t<meta name=\"twitter:label2\" content=\"Temps estimat de lectura\" \/>\n\t<meta name=\"twitter:data2\" content=\"3 minuts\" \/>\n<script type=\"application\/ld+json\" class=\"yoast-schema-graph\">{\"@context\":\"https:\\\/\\\/schema.org\",\"@graph\":[{\"@type\":\"Article\",\"@id\":\"https:\\\/\\\/www.fincasolivares.com\\\/ca\\\/consells-per-a-millorar-el-consum-de-la-teva-llar-a-lestiu-2\\\/#article\",\"isPartOf\":{\"@id\":\"https:\\\/\\\/www.fincasolivares.com\\\/ca\\\/consells-per-a-millorar-el-consum-de-la-teva-llar-a-lestiu-2\\\/\"},\"author\":{\"name\":\"We Play Digital\",\"@id\":\"https:\\\/\\\/www.fincasolivares.com\\\/ca\\\/#\\\/schema\\\/person\\\/8a040d72ef3fe45689875fcf7036bfe7\"},\"headline\":\"Consells per a millorar el consum de la teva llar a l\u2019estiu\",\"datePublished\":\"2023-06-22T07:48:10+00:00\",\"dateModified\":\"2023-08-16T08:16:52+00:00\",\"mainEntityOfPage\":{\"@id\":\"https:\\\/\\\/www.fincasolivares.com\\\/ca\\\/consells-per-a-millorar-el-consum-de-la-teva-llar-a-lestiu-2\\\/\"},\"wordCount\":592,\"publisher\":{\"@id\":\"https:\\\/\\\/www.fincasolivares.com\\\/ca\\\/#organization\"},\"image\":{\"@id\":\"https:\\\/\\\/www.fincasolivares.com\\\/ca\\\/consells-per-a-millorar-el-consum-de-la-teva-llar-a-lestiu-2\\\/#primaryimage\"},\"thumbnailUrl\":\"https:\\\/\\\/www.fincasolivares.com\\\/wp-content\\\/uploads\\\/2023\\\/06\\\/artolivaresjunio3.jpg\",\"inLanguage\":\"ca\"},{\"@type\":\"WebPage\",\"@id\":\"https:\\\/\\\/www.fincasolivares.com\\\/ca\\\/consells-per-a-millorar-el-consum-de-la-teva-llar-a-lestiu-2\\\/\",\"url\":\"https:\\\/\\\/www.fincasolivares.com\\\/ca\\\/consells-per-a-millorar-el-consum-de-la-teva-llar-a-lestiu-2\\\/\",\"name\":\"\u25b7 Consells per a millorar el consum de la teva llar a l\u2019estiu - Fincas Olivares\",\"isPartOf\":{\"@id\":\"https:\\\/\\\/www.fincasolivares.com\\\/ca\\\/#website\"},\"primaryImageOfPage\":{\"@id\":\"https:\\\/\\\/www.fincasolivares.com\\\/ca\\\/consells-per-a-millorar-el-consum-de-la-teva-llar-a-lestiu-2\\\/#primaryimage\"},\"image\":{\"@id\":\"https:\\\/\\\/www.fincasolivares.com\\\/ca\\\/consells-per-a-millorar-el-consum-de-la-teva-llar-a-lestiu-2\\\/#primaryimage\"},\"thumbnailUrl\":\"https:\\\/\\\/www.fincasolivares.com\\\/wp-content\\\/uploads\\\/2023\\\/06\\\/artolivaresjunio3.jpg\",\"datePublished\":\"2023-06-22T07:48:10+00:00\",\"dateModified\":\"2023-08-16T08:16:52+00:00\",\"description\":\"Amb l'arribada del bon temps cal adaptar el consum a la teva llar per a optimitzar els recursos durant l'estiu.\",\"breadcrumb\":{\"@id\":\"https:\\\/\\\/www.fincasolivares.com\\\/ca\\\/consells-per-a-millorar-el-consum-de-la-teva-llar-a-lestiu-2\\\/#breadcrumb\"},\"inLanguage\":\"ca\",\"potentialAction\":[{\"@type\":\"ReadAction\",\"target\":[\"https:\\\/\\\/www.fincasolivares.com\\\/ca\\\/consells-per-a-millorar-el-consum-de-la-teva-llar-a-lestiu-2\\\/\"]}]},{\"@type\":\"ImageObject\",\"inLanguage\":\"ca\",\"@id\":\"https:\\\/\\\/www.fincasolivares.com\\\/ca\\\/consells-per-a-millorar-el-consum-de-la-teva-llar-a-lestiu-2\\\/#primaryimage\",\"url\":\"https:\\\/\\\/www.fincasolivares.com\\\/wp-content\\\/uploads\\\/2023\\\/06\\\/artolivaresjunio3.jpg\",\"contentUrl\":\"https:\\\/\\\/www.fincasolivares.com\\\/wp-content\\\/uploads\\\/2023\\\/06\\\/artolivaresjunio3.jpg\",\"width\":975,\"height\":725,\"caption\":\"Consejos para mejorar el consumo de tu hogar en verano\"},{\"@type\":\"BreadcrumbList\",\"@id\":\"https:\\\/\\\/www.fincasolivares.com\\\/ca\\\/consells-per-a-millorar-el-consum-de-la-teva-llar-a-lestiu-2\\\/#breadcrumb\",\"itemListElement\":[{\"@type\":\"ListItem\",\"position\":1,\"name\":\"Portada\",\"item\":\"https:\\\/\\\/www.fincasolivares.com\\\/ca\\\/\"},{\"@type\":\"ListItem\",\"position\":2,\"name\":\"Consells per a millorar el consum de la teva llar a l\u2019estiu\"}]},{\"@type\":\"WebSite\",\"@id\":\"https:\\\/\\\/www.fincasolivares.com\\\/ca\\\/#website\",\"url\":\"https:\\\/\\\/www.fincasolivares.com\\\/ca\\\/\",\"name\":\"Fincas Olivares\",\"description\":\"Administrador de Fincas en Barcelona\",\"publisher\":{\"@id\":\"https:\\\/\\\/www.fincasolivares.com\\\/ca\\\/#organization\"},\"potentialAction\":[{\"@type\":\"SearchAction\",\"target\":{\"@type\":\"EntryPoint\",\"urlTemplate\":\"https:\\\/\\\/www.fincasolivares.com\\\/ca\\\/?s={search_term_string}\"},\"query-input\":{\"@type\":\"PropertyValueSpecification\",\"valueRequired\":true,\"valueName\":\"search_term_string\"}}],\"inLanguage\":\"ca\"},{\"@type\":\"Organization\",\"@id\":\"https:\\\/\\\/www.fincasolivares.com\\\/ca\\\/#organization\",\"name\":\"Fincas Olivares\",\"url\":\"https:\\\/\\\/www.fincasolivares.com\\\/ca\\\/\",\"logo\":{\"@type\":\"ImageObject\",\"inLanguage\":\"ca\",\"@id\":\"https:\\\/\\\/www.fincasolivares.com\\\/ca\\\/#\\\/schema\\\/logo\\\/image\\\/\",\"url\":\"https:\\\/\\\/www.fincasolivares.com\\\/wp-content\\\/uploads\\\/2021\\\/07\\\/Logo-Olivares-1.png\",\"contentUrl\":\"https:\\\/\\\/www.fincasolivares.com\\\/wp-content\\\/uploads\\\/2021\\\/07\\\/Logo-Olivares-1.png\",\"width\":288,\"height\":288,\"caption\":\"Fincas Olivares\"},\"image\":{\"@id\":\"https:\\\/\\\/www.fincasolivares.com\\\/ca\\\/#\\\/schema\\\/logo\\\/image\\\/\"},\"sameAs\":[\"https:\\\/\\\/www.facebook.com\\\/FincasOlivares\"]},{\"@type\":\"Person\",\"@id\":\"https:\\\/\\\/www.fincasolivares.com\\\/ca\\\/#\\\/schema\\\/person\\\/8a040d72ef3fe45689875fcf7036bfe7\",\"name\":\"We Play Digital\",\"url\":\"https:\\\/\\\/www.fincasolivares.com\\\/ca\\\/author\\\/we-play-digital\\\/\"}]}<\/script>\n<!-- \/ Yoast SEO plugin. -->","yoast_head_json":{"title":"\u25b7 Consells per a millorar el consum de la teva llar a l\u2019estiu - Fincas Olivares","description":"Amb l'arribada del bon temps cal adaptar el consum a la teva llar per a optimitzar els recursos durant l'estiu.","robots":{"index":"index","follow":"follow","max-snippet":"max-snippet:-1","max-image-preview":"max-image-preview:large","max-video-preview":"max-video-preview:-1"},"canonical":"https:\/\/www.fincasolivares.com\/ca\/consells-per-a-millorar-el-consum-de-la-teva-llar-a-lestiu-2\/","og_locale":"ca_ES","og_type":"article","og_title":"Consells per a millorar el consum de la teva llar a l'estiu","og_description":"Amb l'arribada del bon temps cal adaptar el consum a la teva llar per a optimitzar els recursos de qu\u00e8 disposem, reduir despeses i contribuir a un consum responsable de l'energia durant l'estiu.","og_url":"https:\/\/www.fincasolivares.com\/ca\/consells-per-a-millorar-el-consum-de-la-teva-llar-a-lestiu-2\/","og_site_name":"Fincas Olivares","article_publisher":"https:\/\/www.facebook.com\/FincasOlivares","article_published_time":"2023-06-22T07:48:10+00:00","article_modified_time":"2023-08-16T08:16:52+00:00","og_image":[{"width":975,"height":725,"url":"https:\/\/www.fincasolivares.com\/wp-content\/uploads\/2023\/06\/artolivaresjunio3.jpg","type":"image\/jpeg"}],"author":"We Play Digital","twitter_card":"summary_large_image","twitter_title":"Consells per a millorar el consum de la teva llar a l'estiu","twitter_description":"Amb l'arribada del bon temps cal adaptar el consum a la teva llar per a optimitzar els recursos de qu\u00e8 disposem, reduir despeses i contribuir a un consum responsable de l'energia durant l'estiu.","twitter_image":"https:\/\/www.fincasolivares.com\/wp-content\/uploads\/2023\/06\/artolivaresjunio3.jpg","twitter_misc":{"Escrit per":"We Play Digital","Temps estimat de lectura":"3 minuts"},"schema":{"@context":"https:\/\/schema.org","@graph":[{"@type":"Article","@id":"https:\/\/www.fincasolivares.com\/ca\/consells-per-a-millorar-el-consum-de-la-teva-llar-a-lestiu-2\/#article","isPartOf":{"@id":"https:\/\/www.fincasolivares.com\/ca\/consells-per-a-millorar-el-consum-de-la-teva-llar-a-lestiu-2\/"},"author":{"name":"We Play Digital","@id":"https:\/\/www.fincasolivares.com\/ca\/#\/schema\/person\/8a040d72ef3fe45689875fcf7036bfe7"},"headline":"Consells per a millorar el consum de la teva llar a l\u2019estiu","datePublished":"2023-06-22T07:48:10+00:00","dateModified":"2023-08-16T08:16:52+00:00","mainEntityOfPage":{"@id":"https:\/\/www.fincasolivares.com\/ca\/consells-per-a-millorar-el-consum-de-la-teva-llar-a-lestiu-2\/"},"wordCount":592,"publisher":{"@id":"https:\/\/www.fincasolivares.com\/ca\/#organization"},"image":{"@id":"https:\/\/www.fincasolivares.com\/ca\/consells-per-a-millorar-el-consum-de-la-teva-llar-a-lestiu-2\/#primaryimage"},"thumbnailUrl":"https:\/\/www.fincasolivares.com\/wp-content\/uploads\/2023\/06\/artolivaresjunio3.jpg","inLanguage":"ca"},{"@type":"WebPage","@id":"https:\/\/www.fincasolivares.com\/ca\/consells-per-a-millorar-el-consum-de-la-teva-llar-a-lestiu-2\/","url":"https:\/\/www.fincasolivares.com\/ca\/consells-per-a-millorar-el-consum-de-la-teva-llar-a-lestiu-2\/","name":"\u25b7 Consells per a millorar el consum de la teva llar a l\u2019estiu - Fincas Olivares","isPartOf":{"@id":"https:\/\/www.fincasolivares.com\/ca\/#website"},"primaryImageOfPage":{"@id":"https:\/\/www.fincasolivares.com\/ca\/consells-per-a-millorar-el-consum-de-la-teva-llar-a-lestiu-2\/#primaryimage"},"image":{"@id":"https:\/\/www.fincasolivares.com\/ca\/consells-per-a-millorar-el-consum-de-la-teva-llar-a-lestiu-2\/#primaryimage"},"thumbnailUrl":"https:\/\/www.fincasolivares.com\/wp-content\/uploads\/2023\/06\/artolivaresjunio3.jpg","datePublished":"2023-06-22T07:48:10+00:00","dateModified":"2023-08-16T08:16:52+00:00","description":"Amb l'arribada del bon temps cal adaptar el consum a la teva llar per a optimitzar els recursos durant l'estiu.","breadcrumb":{"@id":"https:\/\/www.fincasolivares.com\/ca\/consells-per-a-millorar-el-consum-de-la-teva-llar-a-lestiu-2\/#breadcrumb"},"inLanguage":"ca","potentialAction":[{"@type":"ReadAction","target":["https:\/\/www.fincasolivares.com\/ca\/consells-per-a-millorar-el-consum-de-la-teva-llar-a-lestiu-2\/"]}]},{"@type":"ImageObject","inLanguage":"ca","@id":"https:\/\/www.fincasolivares.com\/ca\/consells-per-a-millorar-el-consum-de-la-teva-llar-a-lestiu-2\/#primaryimage","url":"https:\/\/www.fincasolivares.com\/wp-content\/uploads\/2023\/06\/artolivaresjunio3.jpg","contentUrl":"https:\/\/www.fincasolivares.com\/wp-content\/uploads\/2023\/06\/artolivaresjunio3.jpg","width":975,"height":725,"caption":"Consejos para mejorar el consumo de tu hogar en verano"},{"@type":"BreadcrumbList","@id":"https:\/\/www.fincasolivares.com\/ca\/consells-per-a-millorar-el-consum-de-la-teva-llar-a-lestiu-2\/#breadcrumb","itemListElement":[{"@type":"ListItem","position":1,"name":"Portada","item":"https:\/\/www.fincasolivares.com\/ca\/"},{"@type":"ListItem","position":2,"name":"Consells per a millorar el consum de la teva llar a l\u2019estiu"}]},{"@type":"WebSite","@id":"https:\/\/www.fincasolivares.com\/ca\/#website","url":"https:\/\/www.fincasolivares.com\/ca\/","name":"Fincas Olivares","description":"Administrador de Fincas en Barcelona","publisher":{"@id":"https:\/\/www.fincasolivares.com\/ca\/#organization"},"potentialAction":[{"@type":"SearchAction","target":{"@type":"EntryPoint","urlTemplate":"https:\/\/www.fincasolivares.com\/ca\/?s={search_term_string}"},"query-input":{"@type":"PropertyValueSpecification","valueRequired":true,"valueName":"search_term_string"}}],"inLanguage":"ca"},{"@type":"Organization","@id":"https:\/\/www.fincasolivares.com\/ca\/#organization","name":"Fincas Olivares","url":"https:\/\/www.fincasolivares.com\/ca\/","logo":{"@type":"ImageObject","inLanguage":"ca","@id":"https:\/\/www.fincasolivares.com\/ca\/#\/schema\/logo\/image\/","url":"https:\/\/www.fincasolivares.com\/wp-content\/uploads\/2021\/07\/Logo-Olivares-1.png","contentUrl":"https:\/\/www.fincasolivares.com\/wp-content\/uploads\/2021\/07\/Logo-Olivares-1.png","width":288,"height":288,"caption":"Fincas Olivares"},"image":{"@id":"https:\/\/www.fincasolivares.com\/ca\/#\/schema\/logo\/image\/"},"sameAs":["https:\/\/www.facebook.com\/FincasOlivares"]},{"@type":"Person","@id":"https:\/\/www.fincasolivares.com\/ca\/#\/schema\/person\/8a040d72ef3fe45689875fcf7036bfe7","name":"We Play Digital","url":"https:\/\/www.fincasolivares.com\/ca\/author\/we-play-digital\/"}]}},"_links":{"self":[{"href":"https:\/\/www.fincasolivares.com\/ca\/wp-json\/wp\/v2\/posts\/348134","targetHints":{"allow":["GET"]}}],"collection":[{"href":"https:\/\/www.fincasolivares.com\/ca\/wp-json\/wp\/v2\/posts"}],"about":[{"href":"https:\/\/www.fincasolivares.com\/ca\/wp-json\/wp\/v2\/types\/post"}],"author":[{"embeddable":true,"href":"https:\/\/www.fincasolivares.com\/ca\/wp-json\/wp\/v2\/users\/4"}],"replies":[{"embeddable":true,"href":"https:\/\/www.fincasolivares.com\/ca\/wp-json\/wp\/v2\/comments?post=348134"}],"version-history":[{"count":1,"href":"https:\/\/www.fincasolivares.com\/ca\/wp-json\/wp\/v2\/posts\/348134\/revisions"}],"predecessor-version":[{"id":348135,"href":"https:\/\/www.fincasolivares.com\/ca\/wp-json\/wp\/v2\/posts\/348134\/revisions\/348135"}],"wp:featuredmedia":[{"embeddable":true,"href":"https:\/\/www.fincasolivares.com\/ca\/wp-json\/wp\/v2\/media\/348035"}],"wp:attachment":[{"href":"https:\/\/www.fincasolivares.com\/ca\/wp-json\/wp\/v2\/media?parent=348134"}],"wp:term":[{"taxonomy":"category","embeddable":true,"href":"https:\/\/www.fincasolivares.com\/ca\/wp-json\/wp\/v2\/categories?post=348134"},{"taxonomy":"post_tag","embeddable":true,"href":"https:\/\/www.fincasolivares.com\/ca\/wp-json\/wp\/v2\/tags?post=348134"}],"curies":[{"name":"wp","href":"https:\/\/api.w.org\/{rel}","templated":true}]}}