{"id":347936,"date":"2023-03-30T11:46:56","date_gmt":"2023-03-30T09:46:56","guid":{"rendered":"https:\/\/www.fincasolivares.com\/?p=347936"},"modified":"2023-04-12T13:39:34","modified_gmt":"2023-04-12T11:39:34","slug":"que-es-la-clausula-redal","status":"publish","type":"post","link":"https:\/\/www.fincasolivares.com\/ca\/que-es-la-clausula-redal\/","title":{"rendered":"Qu\u00e8 \u00e9s la cl\u00e0usula\u00a0REDAL?\u00a0"},"content":{"rendered":"\n<p>El panorama actual afecta al <strong>mercat immobiliari.<\/strong> En un moment econ\u00f2micament delicat a causa de les circumst\u00e0ncies, cal fer front a les variacions de preus generades per les pujades de la inflaci\u00f3 i els tipus d&#8217;inter\u00e8s. Per aix\u00f2, \u00e9s interessant con\u00e8ixer la cl\u00e0usula&nbsp;redal.<\/p>\n\n\n\n<p>Des de <strong><a href=\"https:\/\/www.fincasolivares.com\/\">Fincas Olivares<\/a><\/strong> com a experts en l<strong>&#8216;administraci\u00f3 i gesti\u00f3 de finques a Barcelona<\/strong>, coneixem la import\u00e0ncia d&#8217;un bon assessorament per a poder actuar i prendre les millors decisions.<\/p>\n\n\n\n<h2 class=\"wp-block-heading\">REDAL, una cl\u00e0usula desconeguda<\/h2>\n\n\n\n<p>REDAL, no es tracta d&#8217;una cl\u00e0usula hipotec\u00e0ria concretament. Tamb\u00e9 coneguda com \u2018<strong>Redito&nbsp;Ad libitum<\/strong>\u2019, \u00e9s una construcci\u00f3 doctrinal.&nbsp;<\/p>\n\n\n\n<p>En termes generals, la cl\u00e0usula&nbsp;Redal&nbsp;s&#8217;ent\u00e9n com la voluntat de devoluci\u00f3 que, en el cas que hi hagi problemes econ\u00f2mics que impossibilitin o dificultin el pagament de la hipoteca, es podria arribar a un <strong>acord amb l&#8217;entitat banc\u00e0ria en q\u00fcesti\u00f3.<\/strong><\/p>\n\n\n\n<p>D&#8217;aquesta manera, es duria a terme una <strong>devoluci\u00f3 del pr\u00e9stec concedit en proporcions m\u00e9s petites.<\/strong><\/p>\n\n\n\n<p>Per tant, aquesta cl\u00e0usula suposa que <strong>en el contracte no s&#8217;ha establert de manera concreta com es far\u00e0 la devoluci\u00f3 dels diners.<\/strong><\/p>\n\n\n\n<h2 class=\"wp-block-heading\">Com saber si pot acollir-se a la cl\u00e0usula&nbsp;REDAL?<\/h2>\n\n\n\n<p>Perqu\u00e8 un hipotecat pugui acollir-se a aquesta cl\u00e0usula ha de demostrar que en el seu contracte no hi ha aquesta informaci\u00f3.<\/p>\n\n\n\n<p>La clau per a saber si una hipoteca t\u00e9 una cl\u00e0usula&nbsp;REDAL&nbsp;es troba en la falta d&#8217;informaci\u00f3 cap a l&#8217;hipotecat. Quan l&#8217;entitat banc\u00e0ria no ha exposat de manera detallada i comprensible les dades suficients perqu\u00e8 no hi hagi cap mena de dubte.&nbsp;<\/p>\n\n\n\n<p>Aix\u00ed doncs, ha de ser capa\u00e7 de corroborar que la manera d&#8217;amortitzar i els terminis de devoluci\u00f3<\/p>\n\n\n\n<p>del pr\u00e9stec no s\u00f3n clars. D&#8217;aquesta manera, hauria de retornar els interessos remuneratoris pactats, per\u00f2 la resta es podria retardar.<\/p>\n\n\n\n<h2 class=\"wp-block-heading\">Com pot ajudar-te Fincas Olivares?<\/h2>\n\n\n\n<p>En <strong><a href=\"https:\/\/www.fincasolivares.com\/\">Fincas Olivares<\/a><\/strong> com a experts en l<strong>&#8216;administraci\u00f3 de finques<\/strong>, podem assessorar-te en aquest aspecte i con\u00e8ixer quins s\u00f3n els detalls del teu contracte hipotecari.<\/p>\n\n\n\n<p>El nostre professionals tenen una \u00e0mplia experi\u00e8ncia i s&#8217;assegurar\u00e0 d&#8217;oferir el millor dels serveis. A m\u00e9s, disposem d&#8217;un servei d&#8217;assessoria jur\u00eddica i fiscal que t&#8217;ajudar\u00e0 amb tots els problemes que sorgeixin.<br>Contacta amb nosaltres a trav\u00e9s d&#8217;info@fincasolivares.com o telefonant al 934 872 216.<\/p>\n","protected":false},"excerpt":{"rendered":"<p>El panorama actual afecta al mercat immobiliari. En un moment econ\u00f2micament delicat a causa de les circumst\u00e0ncies, cal fer front a les variacions de preus generades per les pujades de la inflaci\u00f3 i els tipus d&#8217;inter\u00e8s. Per aix\u00f2, \u00e9s interessant con\u00e8ixer la cl\u00e0usula&nbsp;redal. Des de Fincas Olivares com a experts en l&#8216;administraci\u00f3 i gesti\u00f3 de [&hellip;]<\/p>\n","protected":false},"author":4,"featured_media":347903,"comment_status":"open","ping_status":"open","sticky":false,"template":"","format":"standard","meta":{"_et_pb_use_builder":"off","_et_pb_old_content":"","_et_gb_content_width":"","_joinchat":[],"footnotes":""},"categories":[],"tags":[],"class_list":["post-347936","post","type-post","status-publish","format-standard","has-post-thumbnail","hentry"],"yoast_head":"<!-- This site is optimized with the Yoast SEO plugin v27.5 - https:\/\/yoast.com\/product\/yoast-seo-wordpress\/ -->\n<title>\u25b7 Qu\u00e8 \u00e9s la cl\u00e0usula\u00a0REDAL?\u00a0 - Fincas Olivares<\/title>\n<meta name=\"description\" content=\"Cal fer front a les variacions de preus generades per les pujades de la inflaci\u00f3 i els tipus d&#039;inter\u00e8s. Per aix\u00f2, \u00e9s interessant con\u00e8ixer la cl\u00e0usula\u00a0redal.\" \/>\n<meta name=\"robots\" content=\"index, follow, max-snippet:-1, max-image-preview:large, max-video-preview:-1\" \/>\n<link rel=\"canonical\" href=\"https:\/\/www.fincasolivares.com\/ca\/que-es-la-clausula-redal\/\" \/>\n<meta property=\"og:locale\" content=\"ca_ES\" \/>\n<meta property=\"og:type\" content=\"article\" \/>\n<meta property=\"og:title\" content=\"Qu\u00e8 \u00e9s la cl\u00e0usula REDAL? - Fincas Olivares\" \/>\n<meta property=\"og:description\" content=\"El panorama actual afecta al mercat immobiliari. En un moment econ\u00f2micament delicat a causa de les circumst\u00e0ncies, cal fer front a les variacions de preus generades per les pujades de la inflaci\u00f3 i els tipus d&#039;inter\u00e8s. Per aix\u00f2, \u00e9s interessant con\u00e8ixer la cl\u00e0usula\u00a0redal.\" \/>\n<meta property=\"og:url\" content=\"https:\/\/www.fincasolivares.com\/ca\/que-es-la-clausula-redal\/\" \/>\n<meta property=\"og:site_name\" content=\"Fincas Olivares\" \/>\n<meta property=\"article:publisher\" content=\"https:\/\/www.facebook.com\/FincasOlivares\" \/>\n<meta property=\"article:published_time\" content=\"2023-03-30T09:46:56+00:00\" \/>\n<meta property=\"article:modified_time\" content=\"2023-04-12T11:39:34+00:00\" \/>\n<meta property=\"og:image\" content=\"https:\/\/www.fincasolivares.com\/wp-content\/uploads\/2023\/03\/1.jpg\" \/>\n\t<meta property=\"og:image:width\" content=\"975\" \/>\n\t<meta property=\"og:image:height\" content=\"725\" \/>\n\t<meta property=\"og:image:type\" content=\"image\/jpeg\" \/>\n<meta name=\"author\" content=\"We Play Digital\" \/>\n<meta name=\"twitter:card\" content=\"summary_large_image\" \/>\n<meta name=\"twitter:title\" content=\"Qu\u00e8 \u00e9s la cl\u00e0usula REDAL? - Fincas Olivares\" \/>\n<meta name=\"twitter:description\" content=\"El panorama actual afecta al mercat immobiliari. En un moment econ\u00f2micament delicat a causa de les circumst\u00e0ncies, cal fer front a les variacions de preus generades per les pujades de la inflaci\u00f3 i els tipus d&#039;inter\u00e8s. Per aix\u00f2, \u00e9s interessant con\u00e8ixer la cl\u00e0usula\u00a0redal.\" \/>\n<meta name=\"twitter:image\" content=\"https:\/\/www.fincasolivares.com\/wp-content\/uploads\/2023\/03\/1.jpg\" \/>\n<meta name=\"twitter:label1\" content=\"Escrit per\" \/>\n\t<meta name=\"twitter:data1\" content=\"We Play Digital\" \/>\n\t<meta name=\"twitter:label2\" content=\"Temps estimat de lectura\" \/>\n\t<meta name=\"twitter:data2\" content=\"2 minuts\" \/>\n<script type=\"application\/ld+json\" class=\"yoast-schema-graph\">{\"@context\":\"https:\\\/\\\/schema.org\",\"@graph\":[{\"@type\":\"Article\",\"@id\":\"https:\\\/\\\/www.fincasolivares.com\\\/ca\\\/que-es-la-clausula-redal\\\/#article\",\"isPartOf\":{\"@id\":\"https:\\\/\\\/www.fincasolivares.com\\\/ca\\\/que-es-la-clausula-redal\\\/\"},\"author\":{\"name\":\"We Play Digital\",\"@id\":\"https:\\\/\\\/www.fincasolivares.com\\\/ca\\\/#\\\/schema\\\/person\\\/8a040d72ef3fe45689875fcf7036bfe7\"},\"headline\":\"Qu\u00e8 \u00e9s la cl\u00e0usula\u00a0REDAL?\u00a0\",\"datePublished\":\"2023-03-30T09:46:56+00:00\",\"dateModified\":\"2023-04-12T11:39:34+00:00\",\"mainEntityOfPage\":{\"@id\":\"https:\\\/\\\/www.fincasolivares.com\\\/ca\\\/que-es-la-clausula-redal\\\/\"},\"wordCount\":420,\"commentCount\":0,\"publisher\":{\"@id\":\"https:\\\/\\\/www.fincasolivares.com\\\/ca\\\/#organization\"},\"image\":{\"@id\":\"https:\\\/\\\/www.fincasolivares.com\\\/ca\\\/que-es-la-clausula-redal\\\/#primaryimage\"},\"thumbnailUrl\":\"https:\\\/\\\/www.fincasolivares.com\\\/wp-content\\\/uploads\\\/2023\\\/03\\\/1.jpg\",\"inLanguage\":\"ca\",\"potentialAction\":[{\"@type\":\"CommentAction\",\"name\":\"Comment\",\"target\":[\"https:\\\/\\\/www.fincasolivares.com\\\/ca\\\/que-es-la-clausula-redal\\\/#respond\"]}]},{\"@type\":\"WebPage\",\"@id\":\"https:\\\/\\\/www.fincasolivares.com\\\/ca\\\/que-es-la-clausula-redal\\\/\",\"url\":\"https:\\\/\\\/www.fincasolivares.com\\\/ca\\\/que-es-la-clausula-redal\\\/\",\"name\":\"\u25b7 Qu\u00e8 \u00e9s la cl\u00e0usula\u00a0REDAL?\u00a0 - Fincas Olivares\",\"isPartOf\":{\"@id\":\"https:\\\/\\\/www.fincasolivares.com\\\/ca\\\/#website\"},\"primaryImageOfPage\":{\"@id\":\"https:\\\/\\\/www.fincasolivares.com\\\/ca\\\/que-es-la-clausula-redal\\\/#primaryimage\"},\"image\":{\"@id\":\"https:\\\/\\\/www.fincasolivares.com\\\/ca\\\/que-es-la-clausula-redal\\\/#primaryimage\"},\"thumbnailUrl\":\"https:\\\/\\\/www.fincasolivares.com\\\/wp-content\\\/uploads\\\/2023\\\/03\\\/1.jpg\",\"datePublished\":\"2023-03-30T09:46:56+00:00\",\"dateModified\":\"2023-04-12T11:39:34+00:00\",\"description\":\"Cal fer front a les variacions de preus generades per les pujades de la inflaci\u00f3 i els tipus d'inter\u00e8s. Per aix\u00f2, \u00e9s interessant con\u00e8ixer la cl\u00e0usula\u00a0redal.\",\"breadcrumb\":{\"@id\":\"https:\\\/\\\/www.fincasolivares.com\\\/ca\\\/que-es-la-clausula-redal\\\/#breadcrumb\"},\"inLanguage\":\"ca\",\"potentialAction\":[{\"@type\":\"ReadAction\",\"target\":[\"https:\\\/\\\/www.fincasolivares.com\\\/ca\\\/que-es-la-clausula-redal\\\/\"]}]},{\"@type\":\"ImageObject\",\"inLanguage\":\"ca\",\"@id\":\"https:\\\/\\\/www.fincasolivares.com\\\/ca\\\/que-es-la-clausula-redal\\\/#primaryimage\",\"url\":\"https:\\\/\\\/www.fincasolivares.com\\\/wp-content\\\/uploads\\\/2023\\\/03\\\/1.jpg\",\"contentUrl\":\"https:\\\/\\\/www.fincasolivares.com\\\/wp-content\\\/uploads\\\/2023\\\/03\\\/1.jpg\",\"width\":975,\"height\":725,\"caption\":\"\u00bfQu\u00e9 es la cl\u00e1usula REDAL? - Fincas Olivares\"},{\"@type\":\"BreadcrumbList\",\"@id\":\"https:\\\/\\\/www.fincasolivares.com\\\/ca\\\/que-es-la-clausula-redal\\\/#breadcrumb\",\"itemListElement\":[{\"@type\":\"ListItem\",\"position\":1,\"name\":\"Portada\",\"item\":\"https:\\\/\\\/www.fincasolivares.com\\\/ca\\\/\"},{\"@type\":\"ListItem\",\"position\":2,\"name\":\"Qu\u00e8 \u00e9s la cl\u00e0usula\u00a0REDAL?\u00a0\"}]},{\"@type\":\"WebSite\",\"@id\":\"https:\\\/\\\/www.fincasolivares.com\\\/ca\\\/#website\",\"url\":\"https:\\\/\\\/www.fincasolivares.com\\\/ca\\\/\",\"name\":\"Fincas Olivares\",\"description\":\"Administrador de Fincas en Barcelona\",\"publisher\":{\"@id\":\"https:\\\/\\\/www.fincasolivares.com\\\/ca\\\/#organization\"},\"potentialAction\":[{\"@type\":\"SearchAction\",\"target\":{\"@type\":\"EntryPoint\",\"urlTemplate\":\"https:\\\/\\\/www.fincasolivares.com\\\/ca\\\/?s={search_term_string}\"},\"query-input\":{\"@type\":\"PropertyValueSpecification\",\"valueRequired\":true,\"valueName\":\"search_term_string\"}}],\"inLanguage\":\"ca\"},{\"@type\":\"Organization\",\"@id\":\"https:\\\/\\\/www.fincasolivares.com\\\/ca\\\/#organization\",\"name\":\"Fincas Olivares\",\"url\":\"https:\\\/\\\/www.fincasolivares.com\\\/ca\\\/\",\"logo\":{\"@type\":\"ImageObject\",\"inLanguage\":\"ca\",\"@id\":\"https:\\\/\\\/www.fincasolivares.com\\\/ca\\\/#\\\/schema\\\/logo\\\/image\\\/\",\"url\":\"https:\\\/\\\/www.fincasolivares.com\\\/wp-content\\\/uploads\\\/2021\\\/07\\\/Logo-Olivares-1.png\",\"contentUrl\":\"https:\\\/\\\/www.fincasolivares.com\\\/wp-content\\\/uploads\\\/2021\\\/07\\\/Logo-Olivares-1.png\",\"width\":288,\"height\":288,\"caption\":\"Fincas Olivares\"},\"image\":{\"@id\":\"https:\\\/\\\/www.fincasolivares.com\\\/ca\\\/#\\\/schema\\\/logo\\\/image\\\/\"},\"sameAs\":[\"https:\\\/\\\/www.facebook.com\\\/FincasOlivares\"]},{\"@type\":\"Person\",\"@id\":\"https:\\\/\\\/www.fincasolivares.com\\\/ca\\\/#\\\/schema\\\/person\\\/8a040d72ef3fe45689875fcf7036bfe7\",\"name\":\"We Play Digital\",\"url\":\"https:\\\/\\\/www.fincasolivares.com\\\/ca\\\/author\\\/we-play-digital\\\/\"}]}<\/script>\n<!-- \/ Yoast SEO plugin. -->","yoast_head_json":{"title":"\u25b7 Qu\u00e8 \u00e9s la cl\u00e0usula\u00a0REDAL?\u00a0 - Fincas Olivares","description":"Cal fer front a les variacions de preus generades per les pujades de la inflaci\u00f3 i els tipus d'inter\u00e8s. Per aix\u00f2, \u00e9s interessant con\u00e8ixer la cl\u00e0usula\u00a0redal.","robots":{"index":"index","follow":"follow","max-snippet":"max-snippet:-1","max-image-preview":"max-image-preview:large","max-video-preview":"max-video-preview:-1"},"canonical":"https:\/\/www.fincasolivares.com\/ca\/que-es-la-clausula-redal\/","og_locale":"ca_ES","og_type":"article","og_title":"Qu\u00e8 \u00e9s la cl\u00e0usula REDAL? - Fincas Olivares","og_description":"El panorama actual afecta al mercat immobiliari. En un moment econ\u00f2micament delicat a causa de les circumst\u00e0ncies, cal fer front a les variacions de preus generades per les pujades de la inflaci\u00f3 i els tipus d'inter\u00e8s. Per aix\u00f2, \u00e9s interessant con\u00e8ixer la cl\u00e0usula\u00a0redal.","og_url":"https:\/\/www.fincasolivares.com\/ca\/que-es-la-clausula-redal\/","og_site_name":"Fincas Olivares","article_publisher":"https:\/\/www.facebook.com\/FincasOlivares","article_published_time":"2023-03-30T09:46:56+00:00","article_modified_time":"2023-04-12T11:39:34+00:00","og_image":[{"width":975,"height":725,"url":"https:\/\/www.fincasolivares.com\/wp-content\/uploads\/2023\/03\/1.jpg","type":"image\/jpeg"}],"author":"We Play Digital","twitter_card":"summary_large_image","twitter_title":"Qu\u00e8 \u00e9s la cl\u00e0usula REDAL? - Fincas Olivares","twitter_description":"El panorama actual afecta al mercat immobiliari. En un moment econ\u00f2micament delicat a causa de les circumst\u00e0ncies, cal fer front a les variacions de preus generades per les pujades de la inflaci\u00f3 i els tipus d'inter\u00e8s. Per aix\u00f2, \u00e9s interessant con\u00e8ixer la cl\u00e0usula\u00a0redal.","twitter_image":"https:\/\/www.fincasolivares.com\/wp-content\/uploads\/2023\/03\/1.jpg","twitter_misc":{"Escrit per":"We Play Digital","Temps estimat de lectura":"2 minuts"},"schema":{"@context":"https:\/\/schema.org","@graph":[{"@type":"Article","@id":"https:\/\/www.fincasolivares.com\/ca\/que-es-la-clausula-redal\/#article","isPartOf":{"@id":"https:\/\/www.fincasolivares.com\/ca\/que-es-la-clausula-redal\/"},"author":{"name":"We Play Digital","@id":"https:\/\/www.fincasolivares.com\/ca\/#\/schema\/person\/8a040d72ef3fe45689875fcf7036bfe7"},"headline":"Qu\u00e8 \u00e9s la cl\u00e0usula\u00a0REDAL?\u00a0","datePublished":"2023-03-30T09:46:56+00:00","dateModified":"2023-04-12T11:39:34+00:00","mainEntityOfPage":{"@id":"https:\/\/www.fincasolivares.com\/ca\/que-es-la-clausula-redal\/"},"wordCount":420,"commentCount":0,"publisher":{"@id":"https:\/\/www.fincasolivares.com\/ca\/#organization"},"image":{"@id":"https:\/\/www.fincasolivares.com\/ca\/que-es-la-clausula-redal\/#primaryimage"},"thumbnailUrl":"https:\/\/www.fincasolivares.com\/wp-content\/uploads\/2023\/03\/1.jpg","inLanguage":"ca","potentialAction":[{"@type":"CommentAction","name":"Comment","target":["https:\/\/www.fincasolivares.com\/ca\/que-es-la-clausula-redal\/#respond"]}]},{"@type":"WebPage","@id":"https:\/\/www.fincasolivares.com\/ca\/que-es-la-clausula-redal\/","url":"https:\/\/www.fincasolivares.com\/ca\/que-es-la-clausula-redal\/","name":"\u25b7 Qu\u00e8 \u00e9s la cl\u00e0usula\u00a0REDAL?\u00a0 - Fincas Olivares","isPartOf":{"@id":"https:\/\/www.fincasolivares.com\/ca\/#website"},"primaryImageOfPage":{"@id":"https:\/\/www.fincasolivares.com\/ca\/que-es-la-clausula-redal\/#primaryimage"},"image":{"@id":"https:\/\/www.fincasolivares.com\/ca\/que-es-la-clausula-redal\/#primaryimage"},"thumbnailUrl":"https:\/\/www.fincasolivares.com\/wp-content\/uploads\/2023\/03\/1.jpg","datePublished":"2023-03-30T09:46:56+00:00","dateModified":"2023-04-12T11:39:34+00:00","description":"Cal fer front a les variacions de preus generades per les pujades de la inflaci\u00f3 i els tipus d'inter\u00e8s. Per aix\u00f2, \u00e9s interessant con\u00e8ixer la cl\u00e0usula\u00a0redal.","breadcrumb":{"@id":"https:\/\/www.fincasolivares.com\/ca\/que-es-la-clausula-redal\/#breadcrumb"},"inLanguage":"ca","potentialAction":[{"@type":"ReadAction","target":["https:\/\/www.fincasolivares.com\/ca\/que-es-la-clausula-redal\/"]}]},{"@type":"ImageObject","inLanguage":"ca","@id":"https:\/\/www.fincasolivares.com\/ca\/que-es-la-clausula-redal\/#primaryimage","url":"https:\/\/www.fincasolivares.com\/wp-content\/uploads\/2023\/03\/1.jpg","contentUrl":"https:\/\/www.fincasolivares.com\/wp-content\/uploads\/2023\/03\/1.jpg","width":975,"height":725,"caption":"\u00bfQu\u00e9 es la cl\u00e1usula REDAL? - Fincas Olivares"},{"@type":"BreadcrumbList","@id":"https:\/\/www.fincasolivares.com\/ca\/que-es-la-clausula-redal\/#breadcrumb","itemListElement":[{"@type":"ListItem","position":1,"name":"Portada","item":"https:\/\/www.fincasolivares.com\/ca\/"},{"@type":"ListItem","position":2,"name":"Qu\u00e8 \u00e9s la cl\u00e0usula\u00a0REDAL?\u00a0"}]},{"@type":"WebSite","@id":"https:\/\/www.fincasolivares.com\/ca\/#website","url":"https:\/\/www.fincasolivares.com\/ca\/","name":"Fincas Olivares","description":"Administrador de Fincas en Barcelona","publisher":{"@id":"https:\/\/www.fincasolivares.com\/ca\/#organization"},"potentialAction":[{"@type":"SearchAction","target":{"@type":"EntryPoint","urlTemplate":"https:\/\/www.fincasolivares.com\/ca\/?s={search_term_string}"},"query-input":{"@type":"PropertyValueSpecification","valueRequired":true,"valueName":"search_term_string"}}],"inLanguage":"ca"},{"@type":"Organization","@id":"https:\/\/www.fincasolivares.com\/ca\/#organization","name":"Fincas Olivares","url":"https:\/\/www.fincasolivares.com\/ca\/","logo":{"@type":"ImageObject","inLanguage":"ca","@id":"https:\/\/www.fincasolivares.com\/ca\/#\/schema\/logo\/image\/","url":"https:\/\/www.fincasolivares.com\/wp-content\/uploads\/2021\/07\/Logo-Olivares-1.png","contentUrl":"https:\/\/www.fincasolivares.com\/wp-content\/uploads\/2021\/07\/Logo-Olivares-1.png","width":288,"height":288,"caption":"Fincas Olivares"},"image":{"@id":"https:\/\/www.fincasolivares.com\/ca\/#\/schema\/logo\/image\/"},"sameAs":["https:\/\/www.facebook.com\/FincasOlivares"]},{"@type":"Person","@id":"https:\/\/www.fincasolivares.com\/ca\/#\/schema\/person\/8a040d72ef3fe45689875fcf7036bfe7","name":"We Play Digital","url":"https:\/\/www.fincasolivares.com\/ca\/author\/we-play-digital\/"}]}},"_links":{"self":[{"href":"https:\/\/www.fincasolivares.com\/ca\/wp-json\/wp\/v2\/posts\/347936","targetHints":{"allow":["GET"]}}],"collection":[{"href":"https:\/\/www.fincasolivares.com\/ca\/wp-json\/wp\/v2\/posts"}],"about":[{"href":"https:\/\/www.fincasolivares.com\/ca\/wp-json\/wp\/v2\/types\/post"}],"author":[{"embeddable":true,"href":"https:\/\/www.fincasolivares.com\/ca\/wp-json\/wp\/v2\/users\/4"}],"replies":[{"embeddable":true,"href":"https:\/\/www.fincasolivares.com\/ca\/wp-json\/wp\/v2\/comments?post=347936"}],"version-history":[{"count":2,"href":"https:\/\/www.fincasolivares.com\/ca\/wp-json\/wp\/v2\/posts\/347936\/revisions"}],"predecessor-version":[{"id":347942,"href":"https:\/\/www.fincasolivares.com\/ca\/wp-json\/wp\/v2\/posts\/347936\/revisions\/347942"}],"wp:featuredmedia":[{"embeddable":true,"href":"https:\/\/www.fincasolivares.com\/ca\/wp-json\/wp\/v2\/media\/347903"}],"wp:attachment":[{"href":"https:\/\/www.fincasolivares.com\/ca\/wp-json\/wp\/v2\/media?parent=347936"}],"wp:term":[{"taxonomy":"category","embeddable":true,"href":"https:\/\/www.fincasolivares.com\/ca\/wp-json\/wp\/v2\/categories?post=347936"},{"taxonomy":"post_tag","embeddable":true,"href":"https:\/\/www.fincasolivares.com\/ca\/wp-json\/wp\/v2\/tags?post=347936"}],"curies":[{"name":"wp","href":"https:\/\/api.w.org\/{rel}","templated":true}]}}